{"id":2,"name":"Medi\u00e1tica FM","url":"https:\/\/www.mediatica.fm\/","description":"","link":"https:\/\/mediatica.fm\/index.php\/author\/mediaticafm\/","slug":"mediaticafm","avatar_urls":{"24":"https:\/\/secure.gravatar.com\/avatar\/f5e12d9aeb2221fbe18cc7e14955d88d0fdeb166f495d728b681f00b1df025f5?s=24&d=mm&r=g","48":"https:\/\/secure.gravatar.com\/avatar\/f5e12d9aeb2221fbe18cc7e14955d88d0fdeb166f495d728b681f00b1df025f5?s=48&d=mm&r=g","96":"https:\/\/secure.gravatar.com\/avatar\/f5e12d9aeb2221fbe18cc7e14955d88d0fdeb166f495d728b681f00b1df025f5?s=96&d=mm&r=g"},"meta":{"jetpack_donation_warning_dismissed":false},"yoast_head":"<!-- This site is optimized with the Yoast SEO plugin v27.4 - https:\/\/yoast.com\/product\/yoast-seo-wordpress\/ -->\n<title>Medi\u00e1tica FM, autor en Medi\u00e1tica FM<\/title>\n<meta name=\"robots\" content=\"index, follow, max-snippet:-1, max-image-preview:large, max-video-preview:-1\" \/>\n<link rel=\"canonical\" href=\"https:\/\/mediatica.fm\/index.php\/author\/mediaticafm\/\" \/>\n<meta property=\"og:locale\" content=\"es_ES\" \/>\n<meta property=\"og:type\" content=\"profile\" \/>\n<meta property=\"og:title\" content=\"Medi\u00e1tica FM, autor en Medi\u00e1tica FM\" \/>\n<meta property=\"og:url\" content=\"https:\/\/mediatica.fm\/index.php\/author\/mediaticafm\/\" \/>\n<meta property=\"og:site_name\" content=\"Medi\u00e1tica FM\" \/>\n<meta property=\"og:image\" content=\"https:\/\/secure.gravatar.com\/avatar\/aa9d37d2ae56c7c8f558e5920f12be26?s=500&d=mm&r=g\" \/>\n<meta name=\"twitter:card\" content=\"summary_large_image\" \/>\n<meta name=\"twitter:site\" content=\"@mediaticafm\" \/>\n<script type=\"application\/ld+json\" class=\"yoast-schema-graph\">{\"@context\":\"https:\\\/\\\/schema.org\",\"@graph\":[{\"@type\":\"ProfilePage\",\"@id\":\"https:\\\/\\\/mediatica.fm\\\/index.php\\\/author\\\/mediaticafm\\\/\",\"url\":\"https:\\\/\\\/mediatica.fm\\\/index.php\\\/author\\\/mediaticafm\\\/\",\"name\":\"Medi\u00e1tica FM, autor en Medi\u00e1tica FM\",\"isPartOf\":{\"@id\":\"https:\\\/\\\/mediatica.fm\\\/#website\"},\"breadcrumb\":{\"@id\":\"https:\\\/\\\/mediatica.fm\\\/index.php\\\/author\\\/mediaticafm\\\/#breadcrumb\"},\"inLanguage\":\"es\",\"potentialAction\":[{\"@type\":\"ReadAction\",\"target\":[\"https:\\\/\\\/mediatica.fm\\\/index.php\\\/author\\\/mediaticafm\\\/\"]}]},{\"@type\":\"BreadcrumbList\",\"@id\":\"https:\\\/\\\/mediatica.fm\\\/index.php\\\/author\\\/mediaticafm\\\/#breadcrumb\",\"itemListElement\":[{\"@type\":\"ListItem\",\"position\":1,\"name\":\"Portada\",\"item\":\"https:\\\/\\\/mediatica.fm\\\/\"},{\"@type\":\"ListItem\",\"position\":2,\"name\":\"Archivo de Medi\u00e1tica FM\"}]},{\"@type\":\"WebSite\",\"@id\":\"https:\\\/\\\/mediatica.fm\\\/#website\",\"url\":\"https:\\\/\\\/mediatica.fm\\\/\",\"name\":\"Medi\u00e1tica FM\",\"description\":\"Radio alternativa, menos discurso, m\u00e1s acci\u00f3n\",\"publisher\":{\"@id\":\"https:\\\/\\\/mediatica.fm\\\/#organization\"},\"potentialAction\":[{\"@type\":\"SearchAction\",\"target\":{\"@type\":\"EntryPoint\",\"urlTemplate\":\"https:\\\/\\\/mediatica.fm\\\/?s={search_term_string}\"},\"query-input\":{\"@type\":\"PropertyValueSpecification\",\"valueRequired\":true,\"valueName\":\"search_term_string\"}}],\"inLanguage\":\"es\"},{\"@type\":\"Organization\",\"@id\":\"https:\\\/\\\/mediatica.fm\\\/#organization\",\"name\":\"Medi\u00e1tica FM\",\"url\":\"https:\\\/\\\/mediatica.fm\\\/\",\"logo\":{\"@type\":\"ImageObject\",\"inLanguage\":\"es\",\"@id\":\"https:\\\/\\\/mediatica.fm\\\/#\\\/schema\\\/logo\\\/image\\\/\",\"url\":\"https:\\\/\\\/mediatica.fm\\\/wp-content\\\/uploads\\\/2023\\\/11\\\/logo-solo-blanco.fw_.png\",\"contentUrl\":\"https:\\\/\\\/mediatica.fm\\\/wp-content\\\/uploads\\\/2023\\\/11\\\/logo-solo-blanco.fw_.png\",\"width\":928,\"height\":724,\"caption\":\"Medi\u00e1tica FM\"},\"image\":{\"@id\":\"https:\\\/\\\/mediatica.fm\\\/#\\\/schema\\\/logo\\\/image\\\/\"},\"sameAs\":[\"https:\\\/\\\/www.facebook.com\\\/Mediaticafm\",\"https:\\\/\\\/x.com\\\/mediaticafm\",\"https:\\\/\\\/www.instagram.com\\\/mediatica.fm\\\/\",\"https:\\\/\\\/www.youtube.com\\\/@MediaticaFm\",\"https:\\\/\\\/www.tiktok.com\\\/@mediaticafm\"]},{\"@type\":\"Person\",\"@id\":\"https:\\\/\\\/mediatica.fm\\\/#\\\/schema\\\/person\\\/f18c1982149d378d0707d1e6bb1b7ff8\",\"name\":\"Medi\u00e1tica FM\",\"image\":{\"@type\":\"ImageObject\",\"inLanguage\":\"es\",\"@id\":\"https:\\\/\\\/secure.gravatar.com\\\/avatar\\\/f5e12d9aeb2221fbe18cc7e14955d88d0fdeb166f495d728b681f00b1df025f5?s=96&d=mm&r=g\",\"url\":\"https:\\\/\\\/secure.gravatar.com\\\/avatar\\\/f5e12d9aeb2221fbe18cc7e14955d88d0fdeb166f495d728b681f00b1df025f5?s=96&d=mm&r=g\",\"contentUrl\":\"https:\\\/\\\/secure.gravatar.com\\\/avatar\\\/f5e12d9aeb2221fbe18cc7e14955d88d0fdeb166f495d728b681f00b1df025f5?s=96&d=mm&r=g\",\"caption\":\"Medi\u00e1tica FM\"},\"sameAs\":[\"https:\\\/\\\/www.mediatica.fm\\\/\"],\"mainEntityOfPage\":{\"@id\":\"https:\\\/\\\/mediatica.fm\\\/index.php\\\/author\\\/mediaticafm\\\/\"}}]}<\/script>\n<!-- \/ Yoast SEO plugin. -->","yoast_head_json":{"title":"Medi\u00e1tica FM, autor en Medi\u00e1tica FM","robots":{"index":"index","follow":"follow","max-snippet":"max-snippet:-1","max-image-preview":"max-image-preview:large","max-video-preview":"max-video-preview:-1"},"canonical":"https:\/\/mediatica.fm\/index.php\/author\/mediaticafm\/","og_locale":"es_ES","og_type":"profile","og_title":"Medi\u00e1tica FM, autor en Medi\u00e1tica FM","og_url":"https:\/\/mediatica.fm\/index.php\/author\/mediaticafm\/","og_site_name":"Medi\u00e1tica FM","og_image":[{"url":"https:\/\/secure.gravatar.com\/avatar\/aa9d37d2ae56c7c8f558e5920f12be26?s=500&d=mm&r=g","type":"","width":"","height":""}],"twitter_card":"summary_large_image","twitter_site":"@mediaticafm","schema":{"@context":"https:\/\/schema.org","@graph":[{"@type":"ProfilePage","@id":"https:\/\/mediatica.fm\/index.php\/author\/mediaticafm\/","url":"https:\/\/mediatica.fm\/index.php\/author\/mediaticafm\/","name":"Medi\u00e1tica FM, autor en Medi\u00e1tica FM","isPartOf":{"@id":"https:\/\/mediatica.fm\/#website"},"breadcrumb":{"@id":"https:\/\/mediatica.fm\/index.php\/author\/mediaticafm\/#breadcrumb"},"inLanguage":"es","potentialAction":[{"@type":"ReadAction","target":["https:\/\/mediatica.fm\/index.php\/author\/mediaticafm\/"]}]},{"@type":"BreadcrumbList","@id":"https:\/\/mediatica.fm\/index.php\/author\/mediaticafm\/#breadcrumb","itemListElement":[{"@type":"ListItem","position":1,"name":"Portada","item":"https:\/\/mediatica.fm\/"},{"@type":"ListItem","position":2,"name":"Archivo de Medi\u00e1tica FM"}]},{"@type":"WebSite","@id":"https:\/\/mediatica.fm\/#website","url":"https:\/\/mediatica.fm\/","name":"Medi\u00e1tica FM","description":"Radio alternativa, menos discurso, m\u00e1s acci\u00f3n","publisher":{"@id":"https:\/\/mediatica.fm\/#organization"},"potentialAction":[{"@type":"SearchAction","target":{"@type":"EntryPoint","urlTemplate":"https:\/\/mediatica.fm\/?s={search_term_string}"},"query-input":{"@type":"PropertyValueSpecification","valueRequired":true,"valueName":"search_term_string"}}],"inLanguage":"es"},{"@type":"Organization","@id":"https:\/\/mediatica.fm\/#organization","name":"Medi\u00e1tica FM","url":"https:\/\/mediatica.fm\/","logo":{"@type":"ImageObject","inLanguage":"es","@id":"https:\/\/mediatica.fm\/#\/schema\/logo\/image\/","url":"https:\/\/mediatica.fm\/wp-content\/uploads\/2023\/11\/logo-solo-blanco.fw_.png","contentUrl":"https:\/\/mediatica.fm\/wp-content\/uploads\/2023\/11\/logo-solo-blanco.fw_.png","width":928,"height":724,"caption":"Medi\u00e1tica FM"},"image":{"@id":"https:\/\/mediatica.fm\/#\/schema\/logo\/image\/"},"sameAs":["https:\/\/www.facebook.com\/Mediaticafm","https:\/\/x.com\/mediaticafm","https:\/\/www.instagram.com\/mediatica.fm\/","https:\/\/www.youtube.com\/@MediaticaFm","https:\/\/www.tiktok.com\/@mediaticafm"]},{"@type":"Person","@id":"https:\/\/mediatica.fm\/#\/schema\/person\/f18c1982149d378d0707d1e6bb1b7ff8","name":"Medi\u00e1tica FM","image":{"@type":"ImageObject","inLanguage":"es","@id":"https:\/\/secure.gravatar.com\/avatar\/f5e12d9aeb2221fbe18cc7e14955d88d0fdeb166f495d728b681f00b1df025f5?s=96&d=mm&r=g","url":"https:\/\/secure.gravatar.com\/avatar\/f5e12d9aeb2221fbe18cc7e14955d88d0fdeb166f495d728b681f00b1df025f5?s=96&d=mm&r=g","contentUrl":"https:\/\/secure.gravatar.com\/avatar\/f5e12d9aeb2221fbe18cc7e14955d88d0fdeb166f495d728b681f00b1df025f5?s=96&d=mm&r=g","caption":"Medi\u00e1tica FM"},"sameAs":["https:\/\/www.mediatica.fm\/"],"mainEntityOfPage":{"@id":"https:\/\/mediatica.fm\/index.php\/author\/mediaticafm\/"}}]}},"elementor_introduction":{"ai-get-started-announcement":true,"yoast-introduction":true,"exit_to":true,"globals_introduction":true,"favorites-notice":true,"yoast-introduction-editor-v2":true,"e-editor-one-notice-pointer":true},"_links":{"self":[{"href":"https:\/\/mediatica.fm\/index.php\/wp-json\/wp\/v2\/users\/2","targetHints":{"allow":["GET"]}}],"collection":[{"href":"https:\/\/mediatica.fm\/index.php\/wp-json\/wp\/v2\/users"}]}}