{"id":73,"date":"2023-11-18T23:33:40","date_gmt":"2023-11-18T22:33:40","guid":{"rendered":"https:\/\/mediatica.fm\/?p=73"},"modified":"2024-03-06T17:03:56","modified_gmt":"2024-03-06T23:03:56","slug":"snoop-dogg-deja-de-fumar","status":"publish","type":"post","link":"https:\/\/mediatica.fm\/index.php\/2023\/11\/18\/snoop-dogg-deja-de-fumar\/","title":{"rendered":"Snoop Dogg deja de fumar"},"content":{"rendered":"\t\t<div data-elementor-type=\"wp-post\" data-elementor-id=\"73\" class=\"elementor elementor-73\">\n\t\t\t\t<div class=\"elementor-element elementor-element-19769984 e-flex e-con-boxed e-con e-parent\" data-id=\"19769984\" data-element_type=\"container\" data-e-type=\"container\">\n\t\t\t\t\t<div class=\"e-con-inner\">\n\t\t\t\t<div class=\"elementor-element elementor-element-48505f9d elementor-widget elementor-widget-text-editor\" data-id=\"48505f9d\" data-element_type=\"widget\" data-e-type=\"widget\" data-widget_type=\"text-editor.default\">\n\t\t\t\t<div class=\"elementor-widget-container\">\n\t\t\t\t\t\t\t\t\tTodos conocemos a Snoop Dogg, y de su estilo caracter\u00edstico de su presencia. Y no es que sea un rapero legendario, sino por su gusto y fomento por el consumo de la marihuana.\r\n\r\nPero en los \u00faltimos d\u00edas, una noticia realmente nos sorprendi\u00f3. En el que el rapero legendario dio un comunicado en las redes sociales, con una imagen que para muchos fue una broma, pero definitivamente, era real; Snoop Dog, declar\u00f3 que dej\u00f3 de fumar.\r\n<blockquote>Despu\u00e9s de considerarlo y platicarlo con mi familia, he decidido dejar de fumar. Por favor, respeten mi privacidad en estos momentos.<\/blockquote>\r\n<img fetchpriority=\"high\" decoding=\"async\" class=\"alignnone size-medium wp-image-75\" src=\"https:\/\/mediatica.fm\/wp-content\/uploads\/2023\/11\/snoop-dog-fumar-300x292.jpg\" alt=\"\" width=\"300\" height=\"292\" srcset=\"https:\/\/mediatica.fm\/wp-content\/uploads\/2023\/11\/snoop-dog-fumar-300x292.jpg 300w, https:\/\/mediatica.fm\/wp-content\/uploads\/2023\/11\/snoop-dog-fumar-1024x995.jpg 1024w, https:\/\/mediatica.fm\/wp-content\/uploads\/2023\/11\/snoop-dog-fumar-768x747.jpg 768w, https:\/\/mediatica.fm\/wp-content\/uploads\/2023\/11\/snoop-dog-fumar.jpg 1111w\" sizes=\"(max-width: 300px) 100vw, 300px\" \/>\r\n\r\nVerdad o no, este chisme, no lo pod\u00edamos dejar pasar, (a pesar de que no nos acostumbramos a escribir este tipo de noticias), porque realmente, algo que caracteriza a Snoop Dog, es el uso l\u00fadico de esta sustancia que lleva bastante tiempo en controversia.\r\n\r\n&nbsp;\t\t\t\t\t\t\t\t<\/div>\n\t\t\t\t<\/div>\n\t\t\t\t\t<\/div>\n\t\t\t\t<\/div>\n\t\t\t\t<\/div>\n\t\t","protected":false},"excerpt":{"rendered":"<p>Todos conocemos a Snoop Dogg, y de su estilo caracter\u00edstico de su presencia. Y no es que sea un rapero legendario, sino por su gusto y fomento por el consumo de la marihuana. Pero en los \u00faltimos d\u00edas, una noticia realmente nos sorprendi\u00f3. En el que el rapero legendario dio un comunicado en las redes [&hellip;]<\/p>\n","protected":false},"author":2,"featured_media":77,"comment_status":"closed","ping_status":"open","sticky":false,"template":"","format":"standard","meta":{"_jetpack_memberships_contains_paid_content":false,"footnotes":""},"categories":[4],"tags":[7],"class_list":["post-73","post","type-post","status-publish","format-standard","has-post-thumbnail","hentry","category-news","tag-snoop-dog"],"yoast_head":"<!-- This site is optimized with the Yoast SEO plugin v27.5 - https:\/\/yoast.com\/product\/yoast-seo-wordpress\/ -->\n<title>Snoop Dogg deja de fumar - Medi\u00e1tica FM<\/title>\n<meta name=\"description\" content=\"Snoop Dog deja de fumar porque su familia se preocupa por \u00e9l.\" \/>\n<meta name=\"robots\" content=\"index, follow, max-snippet:-1, max-image-preview:large, max-video-preview:-1\" \/>\n<link rel=\"canonical\" href=\"https:\/\/mediatica.fm\/index.php\/2023\/11\/18\/snoop-dogg-deja-de-fumar\/\" \/>\n<meta property=\"og:locale\" content=\"es_ES\" \/>\n<meta property=\"og:type\" content=\"article\" \/>\n<meta property=\"og:title\" content=\"Snoop Dogg deja de fumar - Medi\u00e1tica FM\" \/>\n<meta property=\"og:description\" content=\"Snoop Dog deja de fumar porque su familia se preocupa por \u00e9l.\" \/>\n<meta property=\"og:url\" content=\"https:\/\/mediatica.fm\/index.php\/2023\/11\/18\/snoop-dogg-deja-de-fumar\/\" \/>\n<meta property=\"og:site_name\" content=\"Medi\u00e1tica FM\" \/>\n<meta property=\"article:publisher\" content=\"https:\/\/www.facebook.com\/Mediaticafm\" \/>\n<meta property=\"article:published_time\" content=\"2023-11-18T22:33:40+00:00\" \/>\n<meta property=\"article:modified_time\" content=\"2024-03-06T23:03:56+00:00\" \/>\n<meta property=\"og:image\" content=\"https:\/\/mediatica.fm\/wp-content\/uploads\/2023\/11\/snoop-dogg.jpg\" \/>\n\t<meta property=\"og:image:width\" content=\"1200\" \/>\n\t<meta property=\"og:image:height\" content=\"800\" \/>\n\t<meta property=\"og:image:type\" content=\"image\/jpeg\" \/>\n<meta name=\"author\" content=\"Medi\u00e1tica FM\" \/>\n<meta name=\"twitter:card\" content=\"summary_large_image\" \/>\n<meta name=\"twitter:creator\" content=\"@mediaticafm\" \/>\n<meta name=\"twitter:site\" content=\"@mediaticafm\" \/>\n<meta name=\"twitter:label1\" content=\"Escrito por\" \/>\n\t<meta name=\"twitter:data1\" content=\"Medi\u00e1tica FM\" \/>\n\t<meta name=\"twitter:label2\" content=\"Tiempo de lectura\" \/>\n\t<meta name=\"twitter:data2\" content=\"1 minuto\" \/>\n<script type=\"application\/ld+json\" class=\"yoast-schema-graph\">{\"@context\":\"https:\\\/\\\/schema.org\",\"@graph\":[{\"@type\":\"Article\",\"@id\":\"https:\\\/\\\/mediatica.fm\\\/index.php\\\/2023\\\/11\\\/18\\\/snoop-dogg-deja-de-fumar\\\/#article\",\"isPartOf\":{\"@id\":\"https:\\\/\\\/mediatica.fm\\\/index.php\\\/2023\\\/11\\\/18\\\/snoop-dogg-deja-de-fumar\\\/\"},\"author\":{\"name\":\"Medi\u00e1tica FM\",\"@id\":\"https:\\\/\\\/mediatica.fm\\\/#\\\/schema\\\/person\\\/f18c1982149d378d0707d1e6bb1b7ff8\"},\"headline\":\"Snoop Dogg deja de fumar\",\"datePublished\":\"2023-11-18T22:33:40+00:00\",\"dateModified\":\"2024-03-06T23:03:56+00:00\",\"mainEntityOfPage\":{\"@id\":\"https:\\\/\\\/mediatica.fm\\\/index.php\\\/2023\\\/11\\\/18\\\/snoop-dogg-deja-de-fumar\\\/\"},\"wordCount\":151,\"publisher\":{\"@id\":\"https:\\\/\\\/mediatica.fm\\\/#organization\"},\"image\":{\"@id\":\"https:\\\/\\\/mediatica.fm\\\/index.php\\\/2023\\\/11\\\/18\\\/snoop-dogg-deja-de-fumar\\\/#primaryimage\"},\"thumbnailUrl\":\"https:\\\/\\\/mediatica.fm\\\/wp-content\\\/uploads\\\/2023\\\/11\\\/snoop-dogg.jpg\",\"keywords\":[\"snoop dog\"],\"articleSection\":[\"Noticias\"],\"inLanguage\":\"es\"},{\"@type\":\"WebPage\",\"@id\":\"https:\\\/\\\/mediatica.fm\\\/index.php\\\/2023\\\/11\\\/18\\\/snoop-dogg-deja-de-fumar\\\/\",\"url\":\"https:\\\/\\\/mediatica.fm\\\/index.php\\\/2023\\\/11\\\/18\\\/snoop-dogg-deja-de-fumar\\\/\",\"name\":\"Snoop Dogg deja de fumar - Medi\u00e1tica FM\",\"isPartOf\":{\"@id\":\"https:\\\/\\\/mediatica.fm\\\/#website\"},\"primaryImageOfPage\":{\"@id\":\"https:\\\/\\\/mediatica.fm\\\/index.php\\\/2023\\\/11\\\/18\\\/snoop-dogg-deja-de-fumar\\\/#primaryimage\"},\"image\":{\"@id\":\"https:\\\/\\\/mediatica.fm\\\/index.php\\\/2023\\\/11\\\/18\\\/snoop-dogg-deja-de-fumar\\\/#primaryimage\"},\"thumbnailUrl\":\"https:\\\/\\\/mediatica.fm\\\/wp-content\\\/uploads\\\/2023\\\/11\\\/snoop-dogg.jpg\",\"datePublished\":\"2023-11-18T22:33:40+00:00\",\"dateModified\":\"2024-03-06T23:03:56+00:00\",\"description\":\"Snoop Dog deja de fumar porque su familia se preocupa por \u00e9l.\",\"breadcrumb\":{\"@id\":\"https:\\\/\\\/mediatica.fm\\\/index.php\\\/2023\\\/11\\\/18\\\/snoop-dogg-deja-de-fumar\\\/#breadcrumb\"},\"inLanguage\":\"es\",\"potentialAction\":[{\"@type\":\"ReadAction\",\"target\":[\"https:\\\/\\\/mediatica.fm\\\/index.php\\\/2023\\\/11\\\/18\\\/snoop-dogg-deja-de-fumar\\\/\"]}]},{\"@type\":\"ImageObject\",\"inLanguage\":\"es\",\"@id\":\"https:\\\/\\\/mediatica.fm\\\/index.php\\\/2023\\\/11\\\/18\\\/snoop-dogg-deja-de-fumar\\\/#primaryimage\",\"url\":\"https:\\\/\\\/mediatica.fm\\\/wp-content\\\/uploads\\\/2023\\\/11\\\/snoop-dogg.jpg\",\"contentUrl\":\"https:\\\/\\\/mediatica.fm\\\/wp-content\\\/uploads\\\/2023\\\/11\\\/snoop-dogg.jpg\",\"width\":1200,\"height\":800},{\"@type\":\"BreadcrumbList\",\"@id\":\"https:\\\/\\\/mediatica.fm\\\/index.php\\\/2023\\\/11\\\/18\\\/snoop-dogg-deja-de-fumar\\\/#breadcrumb\",\"itemListElement\":[{\"@type\":\"ListItem\",\"position\":1,\"name\":\"Portada\",\"item\":\"https:\\\/\\\/mediatica.fm\\\/\"},{\"@type\":\"ListItem\",\"position\":2,\"name\":\"Snoop Dogg deja de fumar\"}]},{\"@type\":\"WebSite\",\"@id\":\"https:\\\/\\\/mediatica.fm\\\/#website\",\"url\":\"https:\\\/\\\/mediatica.fm\\\/\",\"name\":\"Medi\u00e1tica FM\",\"description\":\"Radio alternativa, menos discurso, m\u00e1s acci\u00f3n\",\"publisher\":{\"@id\":\"https:\\\/\\\/mediatica.fm\\\/#organization\"},\"potentialAction\":[{\"@type\":\"SearchAction\",\"target\":{\"@type\":\"EntryPoint\",\"urlTemplate\":\"https:\\\/\\\/mediatica.fm\\\/?s={search_term_string}\"},\"query-input\":{\"@type\":\"PropertyValueSpecification\",\"valueRequired\":true,\"valueName\":\"search_term_string\"}}],\"inLanguage\":\"es\"},{\"@type\":\"Organization\",\"@id\":\"https:\\\/\\\/mediatica.fm\\\/#organization\",\"name\":\"Medi\u00e1tica FM\",\"url\":\"https:\\\/\\\/mediatica.fm\\\/\",\"logo\":{\"@type\":\"ImageObject\",\"inLanguage\":\"es\",\"@id\":\"https:\\\/\\\/mediatica.fm\\\/#\\\/schema\\\/logo\\\/image\\\/\",\"url\":\"https:\\\/\\\/mediatica.fm\\\/wp-content\\\/uploads\\\/2023\\\/11\\\/logo-solo-blanco.fw_.png\",\"contentUrl\":\"https:\\\/\\\/mediatica.fm\\\/wp-content\\\/uploads\\\/2023\\\/11\\\/logo-solo-blanco.fw_.png\",\"width\":928,\"height\":724,\"caption\":\"Medi\u00e1tica FM\"},\"image\":{\"@id\":\"https:\\\/\\\/mediatica.fm\\\/#\\\/schema\\\/logo\\\/image\\\/\"},\"sameAs\":[\"https:\\\/\\\/www.facebook.com\\\/Mediaticafm\",\"https:\\\/\\\/x.com\\\/mediaticafm\",\"https:\\\/\\\/www.instagram.com\\\/mediatica.fm\\\/\",\"https:\\\/\\\/www.youtube.com\\\/@MediaticaFm\",\"https:\\\/\\\/www.tiktok.com\\\/@mediaticafm\"]},{\"@type\":\"Person\",\"@id\":\"https:\\\/\\\/mediatica.fm\\\/#\\\/schema\\\/person\\\/f18c1982149d378d0707d1e6bb1b7ff8\",\"name\":\"Medi\u00e1tica FM\",\"image\":{\"@type\":\"ImageObject\",\"inLanguage\":\"es\",\"@id\":\"https:\\\/\\\/secure.gravatar.com\\\/avatar\\\/f5e12d9aeb2221fbe18cc7e14955d88d0fdeb166f495d728b681f00b1df025f5?s=96&d=mm&r=g\",\"url\":\"https:\\\/\\\/secure.gravatar.com\\\/avatar\\\/f5e12d9aeb2221fbe18cc7e14955d88d0fdeb166f495d728b681f00b1df025f5?s=96&d=mm&r=g\",\"contentUrl\":\"https:\\\/\\\/secure.gravatar.com\\\/avatar\\\/f5e12d9aeb2221fbe18cc7e14955d88d0fdeb166f495d728b681f00b1df025f5?s=96&d=mm&r=g\",\"caption\":\"Medi\u00e1tica FM\"},\"sameAs\":[\"https:\\\/\\\/www.mediatica.fm\\\/\"],\"url\":\"https:\\\/\\\/mediatica.fm\\\/index.php\\\/author\\\/mediaticafm\\\/\"}]}<\/script>\n<!-- \/ Yoast SEO plugin. -->","yoast_head_json":{"title":"Snoop Dogg deja de fumar - Medi\u00e1tica FM","description":"Snoop Dog deja de fumar porque su familia se preocupa por \u00e9l.","robots":{"index":"index","follow":"follow","max-snippet":"max-snippet:-1","max-image-preview":"max-image-preview:large","max-video-preview":"max-video-preview:-1"},"canonical":"https:\/\/mediatica.fm\/index.php\/2023\/11\/18\/snoop-dogg-deja-de-fumar\/","og_locale":"es_ES","og_type":"article","og_title":"Snoop Dogg deja de fumar - Medi\u00e1tica FM","og_description":"Snoop Dog deja de fumar porque su familia se preocupa por \u00e9l.","og_url":"https:\/\/mediatica.fm\/index.php\/2023\/11\/18\/snoop-dogg-deja-de-fumar\/","og_site_name":"Medi\u00e1tica FM","article_publisher":"https:\/\/www.facebook.com\/Mediaticafm","article_published_time":"2023-11-18T22:33:40+00:00","article_modified_time":"2024-03-06T23:03:56+00:00","og_image":[{"width":1200,"height":800,"url":"https:\/\/mediatica.fm\/wp-content\/uploads\/2023\/11\/snoop-dogg.jpg","type":"image\/jpeg"}],"author":"Medi\u00e1tica FM","twitter_card":"summary_large_image","twitter_creator":"@mediaticafm","twitter_site":"@mediaticafm","twitter_misc":{"Escrito por":"Medi\u00e1tica FM","Tiempo de lectura":"1 minuto"},"schema":{"@context":"https:\/\/schema.org","@graph":[{"@type":"Article","@id":"https:\/\/mediatica.fm\/index.php\/2023\/11\/18\/snoop-dogg-deja-de-fumar\/#article","isPartOf":{"@id":"https:\/\/mediatica.fm\/index.php\/2023\/11\/18\/snoop-dogg-deja-de-fumar\/"},"author":{"name":"Medi\u00e1tica FM","@id":"https:\/\/mediatica.fm\/#\/schema\/person\/f18c1982149d378d0707d1e6bb1b7ff8"},"headline":"Snoop Dogg deja de fumar","datePublished":"2023-11-18T22:33:40+00:00","dateModified":"2024-03-06T23:03:56+00:00","mainEntityOfPage":{"@id":"https:\/\/mediatica.fm\/index.php\/2023\/11\/18\/snoop-dogg-deja-de-fumar\/"},"wordCount":151,"publisher":{"@id":"https:\/\/mediatica.fm\/#organization"},"image":{"@id":"https:\/\/mediatica.fm\/index.php\/2023\/11\/18\/snoop-dogg-deja-de-fumar\/#primaryimage"},"thumbnailUrl":"https:\/\/mediatica.fm\/wp-content\/uploads\/2023\/11\/snoop-dogg.jpg","keywords":["snoop dog"],"articleSection":["Noticias"],"inLanguage":"es"},{"@type":"WebPage","@id":"https:\/\/mediatica.fm\/index.php\/2023\/11\/18\/snoop-dogg-deja-de-fumar\/","url":"https:\/\/mediatica.fm\/index.php\/2023\/11\/18\/snoop-dogg-deja-de-fumar\/","name":"Snoop Dogg deja de fumar - Medi\u00e1tica FM","isPartOf":{"@id":"https:\/\/mediatica.fm\/#website"},"primaryImageOfPage":{"@id":"https:\/\/mediatica.fm\/index.php\/2023\/11\/18\/snoop-dogg-deja-de-fumar\/#primaryimage"},"image":{"@id":"https:\/\/mediatica.fm\/index.php\/2023\/11\/18\/snoop-dogg-deja-de-fumar\/#primaryimage"},"thumbnailUrl":"https:\/\/mediatica.fm\/wp-content\/uploads\/2023\/11\/snoop-dogg.jpg","datePublished":"2023-11-18T22:33:40+00:00","dateModified":"2024-03-06T23:03:56+00:00","description":"Snoop Dog deja de fumar porque su familia se preocupa por \u00e9l.","breadcrumb":{"@id":"https:\/\/mediatica.fm\/index.php\/2023\/11\/18\/snoop-dogg-deja-de-fumar\/#breadcrumb"},"inLanguage":"es","potentialAction":[{"@type":"ReadAction","target":["https:\/\/mediatica.fm\/index.php\/2023\/11\/18\/snoop-dogg-deja-de-fumar\/"]}]},{"@type":"ImageObject","inLanguage":"es","@id":"https:\/\/mediatica.fm\/index.php\/2023\/11\/18\/snoop-dogg-deja-de-fumar\/#primaryimage","url":"https:\/\/mediatica.fm\/wp-content\/uploads\/2023\/11\/snoop-dogg.jpg","contentUrl":"https:\/\/mediatica.fm\/wp-content\/uploads\/2023\/11\/snoop-dogg.jpg","width":1200,"height":800},{"@type":"BreadcrumbList","@id":"https:\/\/mediatica.fm\/index.php\/2023\/11\/18\/snoop-dogg-deja-de-fumar\/#breadcrumb","itemListElement":[{"@type":"ListItem","position":1,"name":"Portada","item":"https:\/\/mediatica.fm\/"},{"@type":"ListItem","position":2,"name":"Snoop Dogg deja de fumar"}]},{"@type":"WebSite","@id":"https:\/\/mediatica.fm\/#website","url":"https:\/\/mediatica.fm\/","name":"Medi\u00e1tica FM","description":"Radio alternativa, menos discurso, m\u00e1s acci\u00f3n","publisher":{"@id":"https:\/\/mediatica.fm\/#organization"},"potentialAction":[{"@type":"SearchAction","target":{"@type":"EntryPoint","urlTemplate":"https:\/\/mediatica.fm\/?s={search_term_string}"},"query-input":{"@type":"PropertyValueSpecification","valueRequired":true,"valueName":"search_term_string"}}],"inLanguage":"es"},{"@type":"Organization","@id":"https:\/\/mediatica.fm\/#organization","name":"Medi\u00e1tica FM","url":"https:\/\/mediatica.fm\/","logo":{"@type":"ImageObject","inLanguage":"es","@id":"https:\/\/mediatica.fm\/#\/schema\/logo\/image\/","url":"https:\/\/mediatica.fm\/wp-content\/uploads\/2023\/11\/logo-solo-blanco.fw_.png","contentUrl":"https:\/\/mediatica.fm\/wp-content\/uploads\/2023\/11\/logo-solo-blanco.fw_.png","width":928,"height":724,"caption":"Medi\u00e1tica FM"},"image":{"@id":"https:\/\/mediatica.fm\/#\/schema\/logo\/image\/"},"sameAs":["https:\/\/www.facebook.com\/Mediaticafm","https:\/\/x.com\/mediaticafm","https:\/\/www.instagram.com\/mediatica.fm\/","https:\/\/www.youtube.com\/@MediaticaFm","https:\/\/www.tiktok.com\/@mediaticafm"]},{"@type":"Person","@id":"https:\/\/mediatica.fm\/#\/schema\/person\/f18c1982149d378d0707d1e6bb1b7ff8","name":"Medi\u00e1tica FM","image":{"@type":"ImageObject","inLanguage":"es","@id":"https:\/\/secure.gravatar.com\/avatar\/f5e12d9aeb2221fbe18cc7e14955d88d0fdeb166f495d728b681f00b1df025f5?s=96&d=mm&r=g","url":"https:\/\/secure.gravatar.com\/avatar\/f5e12d9aeb2221fbe18cc7e14955d88d0fdeb166f495d728b681f00b1df025f5?s=96&d=mm&r=g","contentUrl":"https:\/\/secure.gravatar.com\/avatar\/f5e12d9aeb2221fbe18cc7e14955d88d0fdeb166f495d728b681f00b1df025f5?s=96&d=mm&r=g","caption":"Medi\u00e1tica FM"},"sameAs":["https:\/\/www.mediatica.fm\/"],"url":"https:\/\/mediatica.fm\/index.php\/author\/mediaticafm\/"}]}},"jetpack_featured_media_url":"https:\/\/mediatica.fm\/wp-content\/uploads\/2023\/11\/snoop-dogg.jpg","jetpack_sharing_enabled":true,"_links":{"self":[{"href":"https:\/\/mediatica.fm\/index.php\/wp-json\/wp\/v2\/posts\/73","targetHints":{"allow":["GET"]}}],"collection":[{"href":"https:\/\/mediatica.fm\/index.php\/wp-json\/wp\/v2\/posts"}],"about":[{"href":"https:\/\/mediatica.fm\/index.php\/wp-json\/wp\/v2\/types\/post"}],"author":[{"embeddable":true,"href":"https:\/\/mediatica.fm\/index.php\/wp-json\/wp\/v2\/users\/2"}],"replies":[{"embeddable":true,"href":"https:\/\/mediatica.fm\/index.php\/wp-json\/wp\/v2\/comments?post=73"}],"version-history":[{"count":8,"href":"https:\/\/mediatica.fm\/index.php\/wp-json\/wp\/v2\/posts\/73\/revisions"}],"predecessor-version":[{"id":118,"href":"https:\/\/mediatica.fm\/index.php\/wp-json\/wp\/v2\/posts\/73\/revisions\/118"}],"wp:featuredmedia":[{"embeddable":true,"href":"https:\/\/mediatica.fm\/index.php\/wp-json\/wp\/v2\/media\/77"}],"wp:attachment":[{"href":"https:\/\/mediatica.fm\/index.php\/wp-json\/wp\/v2\/media?parent=73"}],"wp:term":[{"taxonomy":"category","embeddable":true,"href":"https:\/\/mediatica.fm\/index.php\/wp-json\/wp\/v2\/categories?post=73"},{"taxonomy":"post_tag","embeddable":true,"href":"https:\/\/mediatica.fm\/index.php\/wp-json\/wp\/v2\/tags?post=73"}],"curies":[{"name":"wp","href":"https:\/\/api.w.org\/{rel}","templated":true}]}}