{"id":589,"date":"2024-12-26T20:19:36","date_gmt":"2024-12-27T02:19:36","guid":{"rendered":"https:\/\/mediatica.fm\/?p=589"},"modified":"2024-12-26T20:20:20","modified_gmt":"2024-12-27T02:20:20","slug":"589","status":"publish","type":"post","link":"https:\/\/mediatica.fm\/index.php\/2024\/12\/26\/589\/","title":{"rendered":"Los mejores cortometrajes navide\u00f1os que no sab\u00edas que exist\u00edan"},"content":{"rendered":"<p>Cuando pensamos en Navidad, lo primero que viene a la mente son luces, regalos, villancicos y, claro, las cl\u00e1sicas pel\u00edculas navide\u00f1as que inundan las plataformas de streaming. Pero, \u00bfy si en lugar de conformarte con las mismas historias repetitivas te aventuraras a descubrir cortometrajes que no sab\u00edas que exist\u00edan?<\/p>\n<p>En el \u00faltimo episodio de <span style=\"color: #ff9900;\">PARADIGMAS MEDI\u00c1TICOS<\/span>, dejamos a un lado las pel\u00edculas \u00abnavi\u00f1o\u00f1as\u00bb para presentarte una selecci\u00f3n de verdaderas joyas cinematogr\u00e1ficas. Estos cortometrajes no solo son un deleite visual, sino que tambi\u00e9n abordan temas profundos y emotivos que nos hacen reflexionar sobre el esp\u00edritu de la temporada.<\/p>\n<p>Uno de los m\u00e1s destacados es <span style=\"color: #ff9900;\">Una Noche de Posada (1935)<\/span>, una animaci\u00f3n mexicana pionera creada por Alfonso Vergara Andrade. Esta obra, considerada una de las m\u00e1s importantes en la historia de la animaci\u00f3n en M\u00e9xico, nos transporta a una posada tradicional con personajes llenos de carisma y una est\u00e9tica inspirada en cl\u00e1sicos como Mickey Mouse y Popeye. Si cre\u00edas conocer todos los cortometrajes navide\u00f1os, este es uno de los tantos que no sab\u00edas que exist\u00edan.<\/p>\n<p>Por otro lado, <span style=\"color: #ff9900;\">The Little Matchgirl (2006)<\/span>, producido por Walt Disney Animation Studios, es una adaptaci\u00f3n del cl\u00e1sico cuento de Hans Christian Andersen. Sin necesidad de palabras, este cortometraje conmueve a trav\u00e9s de su m\u00fasica y su potente mensaje sobre la compasi\u00f3n en medio de la adversidad. Es una experiencia que transforma la percepci\u00f3n de las festividades, mostrando su lado m\u00e1s humano y melanc\u00f3lico.<\/p>\n<p>Finalmente, <span style=\"color: #ff9900;\">Le Pupille (2022)<\/span>, producido por Disney+ y dirigido por Alice Rohrwacher, es un cortometraje que mezcla inocencia, fantas\u00eda y un toque de rebeld\u00eda en un internado italiano durante la Segunda Guerra Mundial. Este trabajo, que fue nominado al Oscar, destaca por su enfoque original y su capacidad para capturar la magia navide\u00f1a desde una perspectiva \u00fanica.<\/p>\n<p>Si lo que buscas es escapar de las pel\u00edculas navide\u00f1as convencionales y explorar nuevas historias, te invitamos a ver nuestro episodio completo. En \u00e9l encontrar\u00e1s detalles de estas y otras producciones que se han convertido en verdaderos fen\u00f3menos medi\u00e1ticos. Adem\u00e1s, descubrir\u00e1s m\u00e1s cortometrajes que no sab\u00edas que exist\u00edan y que te inspirar\u00e1n esta temporada.<\/p>\n<p>La Navidad es tiempo de compartir, reflexionar y descubrir. As\u00ed que, \u00bfpor qu\u00e9 no empezar con esta selecci\u00f3n? Te garantizamos que no solo te sorprender\u00e1n, sino que cambiar\u00e1n la manera en que disfrutas esta \u00e9poca tan especial.<\/p>\n<p><iframe title=\"YouTube video player\" src=\"https:\/\/www.youtube.com\/embed\/h1qJ6igxatQ?si=Eq1UxbienE996XVD\" width=\"560\" height=\"315\" frameborder=\"0\" allowfullscreen=\"allowfullscreen\"><\/iframe><\/p>\n","protected":false},"excerpt":{"rendered":"<p>Cuando pensamos en Navidad, lo primero que viene a la mente son luces, regalos, villancicos y, claro, las cl\u00e1sicas pel\u00edculas navide\u00f1as que inundan las plataformas de streaming. Pero, \u00bfy si en lugar de conformarte con las mismas historias repetitivas te aventuraras a descubrir cortometrajes que no sab\u00edas que exist\u00edan? En el \u00faltimo episodio de PARADIGMAS [&hellip;]<\/p>\n","protected":false},"author":2,"featured_media":590,"comment_status":"closed","ping_status":"open","sticky":false,"template":"","format":"standard","meta":{"_jetpack_memberships_contains_paid_content":false,"footnotes":""},"categories":[5,55],"tags":[76,77,78,79],"class_list":["post-589","post","type-post","status-publish","format-standard","has-post-thumbnail","hentry","category-articles","category-paradigmas_mediaticos","tag-cortometrajes-navidenos","tag-cortos-de-navidad","tag-le-pupille","tag-una-noche-de-posada"],"yoast_head":"<!-- This site is optimized with the Yoast SEO plugin v27.4 - https:\/\/yoast.com\/product\/yoast-seo-wordpress\/ -->\n<title>Los mejores cortometrajes navide\u00f1os que no sab\u00edas que exist\u00edan - Medi\u00e1tica FM<\/title>\n<meta name=\"description\" content=\"Estos cortometrajes no solo son un deleite visual, sino que tambi\u00e9n abordan temas profundos y emotivos que nos hacen reflexionar sobre el esp\u00edritu de la temporada.\" \/>\n<meta name=\"robots\" content=\"index, follow, max-snippet:-1, max-image-preview:large, max-video-preview:-1\" \/>\n<link rel=\"canonical\" href=\"https:\/\/mediatica.fm\/index.php\/2024\/12\/26\/589\/\" \/>\n<meta property=\"og:locale\" content=\"es_ES\" \/>\n<meta property=\"og:type\" content=\"article\" \/>\n<meta property=\"og:title\" content=\"Los mejores cortometrajes navide\u00f1os que no sab\u00edas que exist\u00edan - Medi\u00e1tica FM\" \/>\n<meta property=\"og:description\" content=\"Estos cortometrajes no solo son un deleite visual, sino que tambi\u00e9n abordan temas profundos y emotivos que nos hacen reflexionar sobre el esp\u00edritu de la temporada.\" \/>\n<meta property=\"og:url\" content=\"https:\/\/mediatica.fm\/index.php\/2024\/12\/26\/589\/\" \/>\n<meta property=\"og:site_name\" content=\"Medi\u00e1tica FM\" \/>\n<meta property=\"article:publisher\" content=\"https:\/\/www.facebook.com\/Mediaticafm\" \/>\n<meta property=\"article:published_time\" content=\"2024-12-27T02:19:36+00:00\" \/>\n<meta property=\"article:modified_time\" content=\"2024-12-27T02:20:20+00:00\" \/>\n<meta property=\"og:image\" content=\"https:\/\/mediatica.fm\/wp-content\/uploads\/2024\/12\/santa-entrevista.png\" \/>\n\t<meta property=\"og:image:width\" content=\"896\" \/>\n\t<meta property=\"og:image:height\" content=\"512\" \/>\n\t<meta property=\"og:image:type\" content=\"image\/png\" \/>\n<meta name=\"author\" content=\"Medi\u00e1tica FM\" \/>\n<meta name=\"twitter:card\" content=\"summary_large_image\" \/>\n<meta name=\"twitter:creator\" content=\"@mediaticafm\" \/>\n<meta name=\"twitter:site\" content=\"@mediaticafm\" \/>\n<meta name=\"twitter:label1\" content=\"Escrito por\" \/>\n\t<meta name=\"twitter:data1\" content=\"Medi\u00e1tica FM\" \/>\n\t<meta name=\"twitter:label2\" content=\"Tiempo de lectura\" \/>\n\t<meta name=\"twitter:data2\" content=\"2 minutos\" \/>\n<script type=\"application\/ld+json\" class=\"yoast-schema-graph\">{\"@context\":\"https:\\\/\\\/schema.org\",\"@graph\":[{\"@type\":\"Article\",\"@id\":\"https:\\\/\\\/mediatica.fm\\\/index.php\\\/2024\\\/12\\\/26\\\/589\\\/#article\",\"isPartOf\":{\"@id\":\"https:\\\/\\\/mediatica.fm\\\/index.php\\\/2024\\\/12\\\/26\\\/589\\\/\"},\"author\":{\"name\":\"Medi\u00e1tica FM\",\"@id\":\"https:\\\/\\\/mediatica.fm\\\/#\\\/schema\\\/person\\\/f18c1982149d378d0707d1e6bb1b7ff8\"},\"headline\":\"Los mejores cortometrajes navide\u00f1os que no sab\u00edas que exist\u00edan\",\"datePublished\":\"2024-12-27T02:19:36+00:00\",\"dateModified\":\"2024-12-27T02:20:20+00:00\",\"mainEntityOfPage\":{\"@id\":\"https:\\\/\\\/mediatica.fm\\\/index.php\\\/2024\\\/12\\\/26\\\/589\\\/\"},\"wordCount\":443,\"publisher\":{\"@id\":\"https:\\\/\\\/mediatica.fm\\\/#organization\"},\"image\":{\"@id\":\"https:\\\/\\\/mediatica.fm\\\/index.php\\\/2024\\\/12\\\/26\\\/589\\\/#primaryimage\"},\"thumbnailUrl\":\"https:\\\/\\\/mediatica.fm\\\/wp-content\\\/uploads\\\/2024\\\/12\\\/santa-entrevista.png\",\"keywords\":[\"cortometrajes navide\u00f1os\",\"cortos de navidad\",\"le pupille\",\"una noche de posada\"],\"articleSection\":[\"Art\u00edculos\",\"Paradigmas Medi\u00e1ticos\"],\"inLanguage\":\"es\"},{\"@type\":\"WebPage\",\"@id\":\"https:\\\/\\\/mediatica.fm\\\/index.php\\\/2024\\\/12\\\/26\\\/589\\\/\",\"url\":\"https:\\\/\\\/mediatica.fm\\\/index.php\\\/2024\\\/12\\\/26\\\/589\\\/\",\"name\":\"Los mejores cortometrajes navide\u00f1os que no sab\u00edas que exist\u00edan - Medi\u00e1tica FM\",\"isPartOf\":{\"@id\":\"https:\\\/\\\/mediatica.fm\\\/#website\"},\"primaryImageOfPage\":{\"@id\":\"https:\\\/\\\/mediatica.fm\\\/index.php\\\/2024\\\/12\\\/26\\\/589\\\/#primaryimage\"},\"image\":{\"@id\":\"https:\\\/\\\/mediatica.fm\\\/index.php\\\/2024\\\/12\\\/26\\\/589\\\/#primaryimage\"},\"thumbnailUrl\":\"https:\\\/\\\/mediatica.fm\\\/wp-content\\\/uploads\\\/2024\\\/12\\\/santa-entrevista.png\",\"datePublished\":\"2024-12-27T02:19:36+00:00\",\"dateModified\":\"2024-12-27T02:20:20+00:00\",\"description\":\"Estos cortometrajes no solo son un deleite visual, sino que tambi\u00e9n abordan temas profundos y emotivos que nos hacen reflexionar sobre el esp\u00edritu de la temporada.\",\"breadcrumb\":{\"@id\":\"https:\\\/\\\/mediatica.fm\\\/index.php\\\/2024\\\/12\\\/26\\\/589\\\/#breadcrumb\"},\"inLanguage\":\"es\",\"potentialAction\":[{\"@type\":\"ReadAction\",\"target\":[\"https:\\\/\\\/mediatica.fm\\\/index.php\\\/2024\\\/12\\\/26\\\/589\\\/\"]}]},{\"@type\":\"ImageObject\",\"inLanguage\":\"es\",\"@id\":\"https:\\\/\\\/mediatica.fm\\\/index.php\\\/2024\\\/12\\\/26\\\/589\\\/#primaryimage\",\"url\":\"https:\\\/\\\/mediatica.fm\\\/wp-content\\\/uploads\\\/2024\\\/12\\\/santa-entrevista.png\",\"contentUrl\":\"https:\\\/\\\/mediatica.fm\\\/wp-content\\\/uploads\\\/2024\\\/12\\\/santa-entrevista.png\",\"width\":896,\"height\":512},{\"@type\":\"BreadcrumbList\",\"@id\":\"https:\\\/\\\/mediatica.fm\\\/index.php\\\/2024\\\/12\\\/26\\\/589\\\/#breadcrumb\",\"itemListElement\":[{\"@type\":\"ListItem\",\"position\":1,\"name\":\"Portada\",\"item\":\"https:\\\/\\\/mediatica.fm\\\/\"},{\"@type\":\"ListItem\",\"position\":2,\"name\":\"Los mejores cortometrajes navide\u00f1os que no sab\u00edas que exist\u00edan\"}]},{\"@type\":\"WebSite\",\"@id\":\"https:\\\/\\\/mediatica.fm\\\/#website\",\"url\":\"https:\\\/\\\/mediatica.fm\\\/\",\"name\":\"Medi\u00e1tica FM\",\"description\":\"Radio alternativa, menos discurso, m\u00e1s acci\u00f3n\",\"publisher\":{\"@id\":\"https:\\\/\\\/mediatica.fm\\\/#organization\"},\"potentialAction\":[{\"@type\":\"SearchAction\",\"target\":{\"@type\":\"EntryPoint\",\"urlTemplate\":\"https:\\\/\\\/mediatica.fm\\\/?s={search_term_string}\"},\"query-input\":{\"@type\":\"PropertyValueSpecification\",\"valueRequired\":true,\"valueName\":\"search_term_string\"}}],\"inLanguage\":\"es\"},{\"@type\":\"Organization\",\"@id\":\"https:\\\/\\\/mediatica.fm\\\/#organization\",\"name\":\"Medi\u00e1tica FM\",\"url\":\"https:\\\/\\\/mediatica.fm\\\/\",\"logo\":{\"@type\":\"ImageObject\",\"inLanguage\":\"es\",\"@id\":\"https:\\\/\\\/mediatica.fm\\\/#\\\/schema\\\/logo\\\/image\\\/\",\"url\":\"https:\\\/\\\/mediatica.fm\\\/wp-content\\\/uploads\\\/2023\\\/11\\\/logo-solo-blanco.fw_.png\",\"contentUrl\":\"https:\\\/\\\/mediatica.fm\\\/wp-content\\\/uploads\\\/2023\\\/11\\\/logo-solo-blanco.fw_.png\",\"width\":928,\"height\":724,\"caption\":\"Medi\u00e1tica FM\"},\"image\":{\"@id\":\"https:\\\/\\\/mediatica.fm\\\/#\\\/schema\\\/logo\\\/image\\\/\"},\"sameAs\":[\"https:\\\/\\\/www.facebook.com\\\/Mediaticafm\",\"https:\\\/\\\/x.com\\\/mediaticafm\",\"https:\\\/\\\/www.instagram.com\\\/mediatica.fm\\\/\",\"https:\\\/\\\/www.youtube.com\\\/@MediaticaFm\",\"https:\\\/\\\/www.tiktok.com\\\/@mediaticafm\"]},{\"@type\":\"Person\",\"@id\":\"https:\\\/\\\/mediatica.fm\\\/#\\\/schema\\\/person\\\/f18c1982149d378d0707d1e6bb1b7ff8\",\"name\":\"Medi\u00e1tica FM\",\"image\":{\"@type\":\"ImageObject\",\"inLanguage\":\"es\",\"@id\":\"https:\\\/\\\/secure.gravatar.com\\\/avatar\\\/f5e12d9aeb2221fbe18cc7e14955d88d0fdeb166f495d728b681f00b1df025f5?s=96&d=mm&r=g\",\"url\":\"https:\\\/\\\/secure.gravatar.com\\\/avatar\\\/f5e12d9aeb2221fbe18cc7e14955d88d0fdeb166f495d728b681f00b1df025f5?s=96&d=mm&r=g\",\"contentUrl\":\"https:\\\/\\\/secure.gravatar.com\\\/avatar\\\/f5e12d9aeb2221fbe18cc7e14955d88d0fdeb166f495d728b681f00b1df025f5?s=96&d=mm&r=g\",\"caption\":\"Medi\u00e1tica FM\"},\"sameAs\":[\"https:\\\/\\\/www.mediatica.fm\\\/\"],\"url\":\"https:\\\/\\\/mediatica.fm\\\/index.php\\\/author\\\/mediaticafm\\\/\"}]}<\/script>\n<!-- \/ Yoast SEO plugin. -->","yoast_head_json":{"title":"Los mejores cortometrajes navide\u00f1os que no sab\u00edas que exist\u00edan - Medi\u00e1tica FM","description":"Estos cortometrajes no solo son un deleite visual, sino que tambi\u00e9n abordan temas profundos y emotivos que nos hacen reflexionar sobre el esp\u00edritu de la temporada.","robots":{"index":"index","follow":"follow","max-snippet":"max-snippet:-1","max-image-preview":"max-image-preview:large","max-video-preview":"max-video-preview:-1"},"canonical":"https:\/\/mediatica.fm\/index.php\/2024\/12\/26\/589\/","og_locale":"es_ES","og_type":"article","og_title":"Los mejores cortometrajes navide\u00f1os que no sab\u00edas que exist\u00edan - Medi\u00e1tica FM","og_description":"Estos cortometrajes no solo son un deleite visual, sino que tambi\u00e9n abordan temas profundos y emotivos que nos hacen reflexionar sobre el esp\u00edritu de la temporada.","og_url":"https:\/\/mediatica.fm\/index.php\/2024\/12\/26\/589\/","og_site_name":"Medi\u00e1tica FM","article_publisher":"https:\/\/www.facebook.com\/Mediaticafm","article_published_time":"2024-12-27T02:19:36+00:00","article_modified_time":"2024-12-27T02:20:20+00:00","og_image":[{"width":896,"height":512,"url":"https:\/\/mediatica.fm\/wp-content\/uploads\/2024\/12\/santa-entrevista.png","type":"image\/png"}],"author":"Medi\u00e1tica FM","twitter_card":"summary_large_image","twitter_creator":"@mediaticafm","twitter_site":"@mediaticafm","twitter_misc":{"Escrito por":"Medi\u00e1tica FM","Tiempo de lectura":"2 minutos"},"schema":{"@context":"https:\/\/schema.org","@graph":[{"@type":"Article","@id":"https:\/\/mediatica.fm\/index.php\/2024\/12\/26\/589\/#article","isPartOf":{"@id":"https:\/\/mediatica.fm\/index.php\/2024\/12\/26\/589\/"},"author":{"name":"Medi\u00e1tica FM","@id":"https:\/\/mediatica.fm\/#\/schema\/person\/f18c1982149d378d0707d1e6bb1b7ff8"},"headline":"Los mejores cortometrajes navide\u00f1os que no sab\u00edas que exist\u00edan","datePublished":"2024-12-27T02:19:36+00:00","dateModified":"2024-12-27T02:20:20+00:00","mainEntityOfPage":{"@id":"https:\/\/mediatica.fm\/index.php\/2024\/12\/26\/589\/"},"wordCount":443,"publisher":{"@id":"https:\/\/mediatica.fm\/#organization"},"image":{"@id":"https:\/\/mediatica.fm\/index.php\/2024\/12\/26\/589\/#primaryimage"},"thumbnailUrl":"https:\/\/mediatica.fm\/wp-content\/uploads\/2024\/12\/santa-entrevista.png","keywords":["cortometrajes navide\u00f1os","cortos de navidad","le pupille","una noche de posada"],"articleSection":["Art\u00edculos","Paradigmas Medi\u00e1ticos"],"inLanguage":"es"},{"@type":"WebPage","@id":"https:\/\/mediatica.fm\/index.php\/2024\/12\/26\/589\/","url":"https:\/\/mediatica.fm\/index.php\/2024\/12\/26\/589\/","name":"Los mejores cortometrajes navide\u00f1os que no sab\u00edas que exist\u00edan - Medi\u00e1tica FM","isPartOf":{"@id":"https:\/\/mediatica.fm\/#website"},"primaryImageOfPage":{"@id":"https:\/\/mediatica.fm\/index.php\/2024\/12\/26\/589\/#primaryimage"},"image":{"@id":"https:\/\/mediatica.fm\/index.php\/2024\/12\/26\/589\/#primaryimage"},"thumbnailUrl":"https:\/\/mediatica.fm\/wp-content\/uploads\/2024\/12\/santa-entrevista.png","datePublished":"2024-12-27T02:19:36+00:00","dateModified":"2024-12-27T02:20:20+00:00","description":"Estos cortometrajes no solo son un deleite visual, sino que tambi\u00e9n abordan temas profundos y emotivos que nos hacen reflexionar sobre el esp\u00edritu de la temporada.","breadcrumb":{"@id":"https:\/\/mediatica.fm\/index.php\/2024\/12\/26\/589\/#breadcrumb"},"inLanguage":"es","potentialAction":[{"@type":"ReadAction","target":["https:\/\/mediatica.fm\/index.php\/2024\/12\/26\/589\/"]}]},{"@type":"ImageObject","inLanguage":"es","@id":"https:\/\/mediatica.fm\/index.php\/2024\/12\/26\/589\/#primaryimage","url":"https:\/\/mediatica.fm\/wp-content\/uploads\/2024\/12\/santa-entrevista.png","contentUrl":"https:\/\/mediatica.fm\/wp-content\/uploads\/2024\/12\/santa-entrevista.png","width":896,"height":512},{"@type":"BreadcrumbList","@id":"https:\/\/mediatica.fm\/index.php\/2024\/12\/26\/589\/#breadcrumb","itemListElement":[{"@type":"ListItem","position":1,"name":"Portada","item":"https:\/\/mediatica.fm\/"},{"@type":"ListItem","position":2,"name":"Los mejores cortometrajes navide\u00f1os que no sab\u00edas que exist\u00edan"}]},{"@type":"WebSite","@id":"https:\/\/mediatica.fm\/#website","url":"https:\/\/mediatica.fm\/","name":"Medi\u00e1tica FM","description":"Radio alternativa, menos discurso, m\u00e1s acci\u00f3n","publisher":{"@id":"https:\/\/mediatica.fm\/#organization"},"potentialAction":[{"@type":"SearchAction","target":{"@type":"EntryPoint","urlTemplate":"https:\/\/mediatica.fm\/?s={search_term_string}"},"query-input":{"@type":"PropertyValueSpecification","valueRequired":true,"valueName":"search_term_string"}}],"inLanguage":"es"},{"@type":"Organization","@id":"https:\/\/mediatica.fm\/#organization","name":"Medi\u00e1tica FM","url":"https:\/\/mediatica.fm\/","logo":{"@type":"ImageObject","inLanguage":"es","@id":"https:\/\/mediatica.fm\/#\/schema\/logo\/image\/","url":"https:\/\/mediatica.fm\/wp-content\/uploads\/2023\/11\/logo-solo-blanco.fw_.png","contentUrl":"https:\/\/mediatica.fm\/wp-content\/uploads\/2023\/11\/logo-solo-blanco.fw_.png","width":928,"height":724,"caption":"Medi\u00e1tica FM"},"image":{"@id":"https:\/\/mediatica.fm\/#\/schema\/logo\/image\/"},"sameAs":["https:\/\/www.facebook.com\/Mediaticafm","https:\/\/x.com\/mediaticafm","https:\/\/www.instagram.com\/mediatica.fm\/","https:\/\/www.youtube.com\/@MediaticaFm","https:\/\/www.tiktok.com\/@mediaticafm"]},{"@type":"Person","@id":"https:\/\/mediatica.fm\/#\/schema\/person\/f18c1982149d378d0707d1e6bb1b7ff8","name":"Medi\u00e1tica FM","image":{"@type":"ImageObject","inLanguage":"es","@id":"https:\/\/secure.gravatar.com\/avatar\/f5e12d9aeb2221fbe18cc7e14955d88d0fdeb166f495d728b681f00b1df025f5?s=96&d=mm&r=g","url":"https:\/\/secure.gravatar.com\/avatar\/f5e12d9aeb2221fbe18cc7e14955d88d0fdeb166f495d728b681f00b1df025f5?s=96&d=mm&r=g","contentUrl":"https:\/\/secure.gravatar.com\/avatar\/f5e12d9aeb2221fbe18cc7e14955d88d0fdeb166f495d728b681f00b1df025f5?s=96&d=mm&r=g","caption":"Medi\u00e1tica FM"},"sameAs":["https:\/\/www.mediatica.fm\/"],"url":"https:\/\/mediatica.fm\/index.php\/author\/mediaticafm\/"}]}},"jetpack_featured_media_url":"https:\/\/mediatica.fm\/wp-content\/uploads\/2024\/12\/santa-entrevista.png","jetpack_sharing_enabled":true,"_links":{"self":[{"href":"https:\/\/mediatica.fm\/index.php\/wp-json\/wp\/v2\/posts\/589","targetHints":{"allow":["GET"]}}],"collection":[{"href":"https:\/\/mediatica.fm\/index.php\/wp-json\/wp\/v2\/posts"}],"about":[{"href":"https:\/\/mediatica.fm\/index.php\/wp-json\/wp\/v2\/types\/post"}],"author":[{"embeddable":true,"href":"https:\/\/mediatica.fm\/index.php\/wp-json\/wp\/v2\/users\/2"}],"replies":[{"embeddable":true,"href":"https:\/\/mediatica.fm\/index.php\/wp-json\/wp\/v2\/comments?post=589"}],"version-history":[{"count":2,"href":"https:\/\/mediatica.fm\/index.php\/wp-json\/wp\/v2\/posts\/589\/revisions"}],"predecessor-version":[{"id":595,"href":"https:\/\/mediatica.fm\/index.php\/wp-json\/wp\/v2\/posts\/589\/revisions\/595"}],"wp:featuredmedia":[{"embeddable":true,"href":"https:\/\/mediatica.fm\/index.php\/wp-json\/wp\/v2\/media\/590"}],"wp:attachment":[{"href":"https:\/\/mediatica.fm\/index.php\/wp-json\/wp\/v2\/media?parent=589"}],"wp:term":[{"taxonomy":"category","embeddable":true,"href":"https:\/\/mediatica.fm\/index.php\/wp-json\/wp\/v2\/categories?post=589"},{"taxonomy":"post_tag","embeddable":true,"href":"https:\/\/mediatica.fm\/index.php\/wp-json\/wp\/v2\/tags?post=589"}],"curies":[{"name":"wp","href":"https:\/\/api.w.org\/{rel}","templated":true}]}}