{"id":552,"date":"2024-11-15T15:46:57","date_gmt":"2024-11-15T21:46:57","guid":{"rendered":"https:\/\/mediatica.fm\/?p=552"},"modified":"2024-11-20T18:07:54","modified_gmt":"2024-11-21T00:07:54","slug":"la-inteligencia-artificial-que-te-hara-cuestionar-el-futuro","status":"publish","type":"post","link":"https:\/\/mediatica.fm\/index.php\/2024\/11\/15\/la-inteligencia-artificial-que-te-hara-cuestionar-el-futuro\/","title":{"rendered":"La Inteligencia Artificial que te har\u00e1 Cuestionar el Futuro"},"content":{"rendered":"<p>La inteligencia artificial (IA), es uno de los temas m\u00e1s fascinantes y desafiantes de nuestra era. Su avance constante nos ha llevado a imaginar escenarios donde las m\u00e1quinas adquieren conciencia, replanteando las reglas de la humanidad y el control. El cine, con su capacidad para explorar lo desconocido, se ha convertido en un medio perfecto para abordar las preguntas \u00e9ticas, filos\u00f3ficas y emocionales que plantea esta tecnolog\u00eda.<\/p>\n<p>Desde futuros dist\u00f3picos hasta relaciones profundas entre humanos y m\u00e1quinas, estas historias no solo nos entretienen, sino que nos invitan a reflexionar sobre <span style=\"color: #ff9900;\">la inteligencia artificial que te har\u00e1 cuestionar el futuro<\/span>. \u00bfQu\u00e9 pasar\u00eda si una m\u00e1quina dise\u00f1ada para ayudarnos decidiera que la mejor forma de cumplir su objetivo es dominarnos? \u00bfY si desarrollara emociones o deseos propios?<\/p>\n<p>El cine ha explorado estas posibilidades desde perspectivas tan diversas como inquietantes. Algunos relatos nos muestran la lucha por mantener el control sobre creaciones que superan nuestras capacidades, mientras otros plantean la posibilidad de que las m\u00e1quinas busquen un prop\u00f3sito propio, independiente de nuestra existencia.<\/p>\n<p>Estas historias nos recuerdan que, aunque la inteligencia artificial\u00a0es fruto de nuestra innovaci\u00f3n, su capacidad para evolucionar podr\u00eda superar nuestras expectativas y prepararnos para retos imprevisibles. Las pel\u00edculas han sido especialmente h\u00e1biles para abordar temas como la autonom\u00eda, el poder y la \u00e9tica, generando preguntas que resuenan en nuestra realidad actual.<\/p>\n<p>En un momento donde la tecnolog\u00eda avanza m\u00e1s r\u00e1pido de lo que podemos asimilar, <span style=\"color: #ff9900;\">la inteligencia artificial que te har\u00e1 cuestionar el futuro <\/span>no solo est\u00e1 en las pantallas, sino tambi\u00e9n en nuestras decisiones diarias. Cada vez dependemos m\u00e1s de las m\u00e1quinas, desde asistentes virtuales hasta sistemas que facilitan nuestras vidas, pero \u00bfqu\u00e9 sucede si estas tecnolog\u00edas llegan a entendernos mejor que nosotros mismos?<\/p>\n<p>Al final, el verdadero dilema no est\u00e1 en las m\u00e1quinas, sino en c\u00f3mo elegimos usarlas. El cine nos invita a reflexionar sobre si estamos realmente preparados para asumir la responsabilidad de lo que creamos. En este viaje hacia el futuro, es posible que las preguntas m\u00e1s dif\u00edciles no sean para la inteligencia artificial, sino para nosotros mismos.<\/p>\n<p>Checa el video de PARADIGMAS MEDI\u00c1TICOS donde conocer\u00e1s 10 pel\u00edculas esenciales sobre la inteligencia artificial que te har\u00e1n cuestionar el futuro.<\/p>\n<p><iframe title=\"YouTube video player\" src=\"https:\/\/www.youtube.com\/embed\/gXynDma0DJI?si=WKt-r-6br9iRWVB6\" width=\"560\" height=\"315\" frameborder=\"0\" allowfullscreen=\"allowfullscreen\"><\/iframe><\/p>\n","protected":false},"excerpt":{"rendered":"<p>La inteligencia artificial (IA), es uno de los temas m\u00e1s fascinantes y desafiantes de nuestra era. Su avance constante nos ha llevado a imaginar escenarios donde las m\u00e1quinas adquieren conciencia, replanteando las reglas de la humanidad y el control. El cine, con su capacidad para explorar lo desconocido, se ha convertido en un medio perfecto [&hellip;]<\/p>\n","protected":false},"author":2,"featured_media":553,"comment_status":"closed","ping_status":"open","sticky":false,"template":"","format":"standard","meta":{"_jetpack_memberships_contains_paid_content":false,"footnotes":""},"categories":[5,55],"tags":[67,51,57],"class_list":["post-552","post","type-post","status-publish","format-standard","has-post-thumbnail","hentry","category-articles","category-paradigmas_mediaticos","tag-ia","tag-inteligencia-artificial","tag-paradigmas-mediaticos"],"yoast_head":"<!-- This site is optimized with the Yoast SEO plugin v27.4 - https:\/\/yoast.com\/product\/yoast-seo-wordpress\/ -->\n<title>La Inteligencia Artificial que te har\u00e1 Cuestionar el Futuro - Medi\u00e1tica FM<\/title>\n<meta name=\"description\" content=\"Checa las pel\u00edculas que abordan dilemas \u00e9ticos, emocionales y filos\u00f3ficos de la inteligencia artificial que est\u00e1 transformando nuestro presente y futuro.\" \/>\n<meta name=\"robots\" content=\"index, follow, max-snippet:-1, max-image-preview:large, max-video-preview:-1\" \/>\n<link rel=\"canonical\" href=\"https:\/\/mediatica.fm\/index.php\/2024\/11\/15\/la-inteligencia-artificial-que-te-hara-cuestionar-el-futuro\/\" \/>\n<meta property=\"og:locale\" content=\"es_ES\" \/>\n<meta property=\"og:type\" content=\"article\" \/>\n<meta property=\"og:title\" content=\"La Inteligencia Artificial que te har\u00e1 Cuestionar el Futuro - Medi\u00e1tica FM\" \/>\n<meta property=\"og:description\" content=\"Checa las pel\u00edculas que abordan dilemas \u00e9ticos, emocionales y filos\u00f3ficos de la inteligencia artificial que est\u00e1 transformando nuestro presente y futuro.\" \/>\n<meta property=\"og:url\" content=\"https:\/\/mediatica.fm\/index.php\/2024\/11\/15\/la-inteligencia-artificial-que-te-hara-cuestionar-el-futuro\/\" \/>\n<meta property=\"og:site_name\" content=\"Medi\u00e1tica FM\" \/>\n<meta property=\"article:publisher\" content=\"https:\/\/www.facebook.com\/Mediaticafm\" \/>\n<meta property=\"article:published_time\" content=\"2024-11-15T21:46:57+00:00\" \/>\n<meta property=\"article:modified_time\" content=\"2024-11-21T00:07:54+00:00\" \/>\n<meta property=\"og:image\" content=\"https:\/\/mediatica.fm\/wp-content\/uploads\/2024\/11\/ia-cabeza.jpg\" \/>\n\t<meta property=\"og:image:width\" content=\"1024\" \/>\n\t<meta property=\"og:image:height\" content=\"1024\" \/>\n\t<meta property=\"og:image:type\" content=\"image\/jpeg\" \/>\n<meta name=\"author\" content=\"Medi\u00e1tica FM\" \/>\n<meta name=\"twitter:card\" content=\"summary_large_image\" \/>\n<meta name=\"twitter:creator\" content=\"@mediaticafm\" \/>\n<meta name=\"twitter:site\" content=\"@mediaticafm\" \/>\n<meta name=\"twitter:label1\" content=\"Escrito por\" \/>\n\t<meta name=\"twitter:data1\" content=\"Medi\u00e1tica FM\" \/>\n\t<meta name=\"twitter:label2\" content=\"Tiempo de lectura\" \/>\n\t<meta name=\"twitter:data2\" content=\"2 minutos\" \/>\n<script type=\"application\/ld+json\" class=\"yoast-schema-graph\">{\"@context\":\"https:\\\/\\\/schema.org\",\"@graph\":[{\"@type\":\"Article\",\"@id\":\"https:\\\/\\\/mediatica.fm\\\/index.php\\\/2024\\\/11\\\/15\\\/la-inteligencia-artificial-que-te-hara-cuestionar-el-futuro\\\/#article\",\"isPartOf\":{\"@id\":\"https:\\\/\\\/mediatica.fm\\\/index.php\\\/2024\\\/11\\\/15\\\/la-inteligencia-artificial-que-te-hara-cuestionar-el-futuro\\\/\"},\"author\":{\"name\":\"Medi\u00e1tica FM\",\"@id\":\"https:\\\/\\\/mediatica.fm\\\/#\\\/schema\\\/person\\\/f18c1982149d378d0707d1e6bb1b7ff8\"},\"headline\":\"La Inteligencia Artificial que te har\u00e1 Cuestionar el Futuro\",\"datePublished\":\"2024-11-15T21:46:57+00:00\",\"dateModified\":\"2024-11-21T00:07:54+00:00\",\"mainEntityOfPage\":{\"@id\":\"https:\\\/\\\/mediatica.fm\\\/index.php\\\/2024\\\/11\\\/15\\\/la-inteligencia-artificial-que-te-hara-cuestionar-el-futuro\\\/\"},\"wordCount\":403,\"publisher\":{\"@id\":\"https:\\\/\\\/mediatica.fm\\\/#organization\"},\"image\":{\"@id\":\"https:\\\/\\\/mediatica.fm\\\/index.php\\\/2024\\\/11\\\/15\\\/la-inteligencia-artificial-que-te-hara-cuestionar-el-futuro\\\/#primaryimage\"},\"thumbnailUrl\":\"https:\\\/\\\/mediatica.fm\\\/wp-content\\\/uploads\\\/2024\\\/11\\\/ia-cabeza.jpg\",\"keywords\":[\"ia\",\"inteligencia artificial\",\"paradigmas medi\u00e1ticos\"],\"articleSection\":[\"Art\u00edculos\",\"Paradigmas Medi\u00e1ticos\"],\"inLanguage\":\"es\"},{\"@type\":\"WebPage\",\"@id\":\"https:\\\/\\\/mediatica.fm\\\/index.php\\\/2024\\\/11\\\/15\\\/la-inteligencia-artificial-que-te-hara-cuestionar-el-futuro\\\/\",\"url\":\"https:\\\/\\\/mediatica.fm\\\/index.php\\\/2024\\\/11\\\/15\\\/la-inteligencia-artificial-que-te-hara-cuestionar-el-futuro\\\/\",\"name\":\"La Inteligencia Artificial que te har\u00e1 Cuestionar el Futuro - Medi\u00e1tica FM\",\"isPartOf\":{\"@id\":\"https:\\\/\\\/mediatica.fm\\\/#website\"},\"primaryImageOfPage\":{\"@id\":\"https:\\\/\\\/mediatica.fm\\\/index.php\\\/2024\\\/11\\\/15\\\/la-inteligencia-artificial-que-te-hara-cuestionar-el-futuro\\\/#primaryimage\"},\"image\":{\"@id\":\"https:\\\/\\\/mediatica.fm\\\/index.php\\\/2024\\\/11\\\/15\\\/la-inteligencia-artificial-que-te-hara-cuestionar-el-futuro\\\/#primaryimage\"},\"thumbnailUrl\":\"https:\\\/\\\/mediatica.fm\\\/wp-content\\\/uploads\\\/2024\\\/11\\\/ia-cabeza.jpg\",\"datePublished\":\"2024-11-15T21:46:57+00:00\",\"dateModified\":\"2024-11-21T00:07:54+00:00\",\"description\":\"Checa las pel\u00edculas que abordan dilemas \u00e9ticos, emocionales y filos\u00f3ficos de la inteligencia artificial que est\u00e1 transformando nuestro presente y futuro.\",\"breadcrumb\":{\"@id\":\"https:\\\/\\\/mediatica.fm\\\/index.php\\\/2024\\\/11\\\/15\\\/la-inteligencia-artificial-que-te-hara-cuestionar-el-futuro\\\/#breadcrumb\"},\"inLanguage\":\"es\",\"potentialAction\":[{\"@type\":\"ReadAction\",\"target\":[\"https:\\\/\\\/mediatica.fm\\\/index.php\\\/2024\\\/11\\\/15\\\/la-inteligencia-artificial-que-te-hara-cuestionar-el-futuro\\\/\"]}]},{\"@type\":\"ImageObject\",\"inLanguage\":\"es\",\"@id\":\"https:\\\/\\\/mediatica.fm\\\/index.php\\\/2024\\\/11\\\/15\\\/la-inteligencia-artificial-que-te-hara-cuestionar-el-futuro\\\/#primaryimage\",\"url\":\"https:\\\/\\\/mediatica.fm\\\/wp-content\\\/uploads\\\/2024\\\/11\\\/ia-cabeza.jpg\",\"contentUrl\":\"https:\\\/\\\/mediatica.fm\\\/wp-content\\\/uploads\\\/2024\\\/11\\\/ia-cabeza.jpg\",\"width\":1024,\"height\":1024},{\"@type\":\"BreadcrumbList\",\"@id\":\"https:\\\/\\\/mediatica.fm\\\/index.php\\\/2024\\\/11\\\/15\\\/la-inteligencia-artificial-que-te-hara-cuestionar-el-futuro\\\/#breadcrumb\",\"itemListElement\":[{\"@type\":\"ListItem\",\"position\":1,\"name\":\"Portada\",\"item\":\"https:\\\/\\\/mediatica.fm\\\/\"},{\"@type\":\"ListItem\",\"position\":2,\"name\":\"La Inteligencia Artificial que te har\u00e1 Cuestionar el Futuro\"}]},{\"@type\":\"WebSite\",\"@id\":\"https:\\\/\\\/mediatica.fm\\\/#website\",\"url\":\"https:\\\/\\\/mediatica.fm\\\/\",\"name\":\"Medi\u00e1tica FM\",\"description\":\"Radio alternativa, menos discurso, m\u00e1s acci\u00f3n\",\"publisher\":{\"@id\":\"https:\\\/\\\/mediatica.fm\\\/#organization\"},\"potentialAction\":[{\"@type\":\"SearchAction\",\"target\":{\"@type\":\"EntryPoint\",\"urlTemplate\":\"https:\\\/\\\/mediatica.fm\\\/?s={search_term_string}\"},\"query-input\":{\"@type\":\"PropertyValueSpecification\",\"valueRequired\":true,\"valueName\":\"search_term_string\"}}],\"inLanguage\":\"es\"},{\"@type\":\"Organization\",\"@id\":\"https:\\\/\\\/mediatica.fm\\\/#organization\",\"name\":\"Medi\u00e1tica FM\",\"url\":\"https:\\\/\\\/mediatica.fm\\\/\",\"logo\":{\"@type\":\"ImageObject\",\"inLanguage\":\"es\",\"@id\":\"https:\\\/\\\/mediatica.fm\\\/#\\\/schema\\\/logo\\\/image\\\/\",\"url\":\"https:\\\/\\\/mediatica.fm\\\/wp-content\\\/uploads\\\/2023\\\/11\\\/logo-solo-blanco.fw_.png\",\"contentUrl\":\"https:\\\/\\\/mediatica.fm\\\/wp-content\\\/uploads\\\/2023\\\/11\\\/logo-solo-blanco.fw_.png\",\"width\":928,\"height\":724,\"caption\":\"Medi\u00e1tica FM\"},\"image\":{\"@id\":\"https:\\\/\\\/mediatica.fm\\\/#\\\/schema\\\/logo\\\/image\\\/\"},\"sameAs\":[\"https:\\\/\\\/www.facebook.com\\\/Mediaticafm\",\"https:\\\/\\\/x.com\\\/mediaticafm\",\"https:\\\/\\\/www.instagram.com\\\/mediatica.fm\\\/\",\"https:\\\/\\\/www.youtube.com\\\/@MediaticaFm\",\"https:\\\/\\\/www.tiktok.com\\\/@mediaticafm\"]},{\"@type\":\"Person\",\"@id\":\"https:\\\/\\\/mediatica.fm\\\/#\\\/schema\\\/person\\\/f18c1982149d378d0707d1e6bb1b7ff8\",\"name\":\"Medi\u00e1tica FM\",\"image\":{\"@type\":\"ImageObject\",\"inLanguage\":\"es\",\"@id\":\"https:\\\/\\\/secure.gravatar.com\\\/avatar\\\/f5e12d9aeb2221fbe18cc7e14955d88d0fdeb166f495d728b681f00b1df025f5?s=96&d=mm&r=g\",\"url\":\"https:\\\/\\\/secure.gravatar.com\\\/avatar\\\/f5e12d9aeb2221fbe18cc7e14955d88d0fdeb166f495d728b681f00b1df025f5?s=96&d=mm&r=g\",\"contentUrl\":\"https:\\\/\\\/secure.gravatar.com\\\/avatar\\\/f5e12d9aeb2221fbe18cc7e14955d88d0fdeb166f495d728b681f00b1df025f5?s=96&d=mm&r=g\",\"caption\":\"Medi\u00e1tica FM\"},\"sameAs\":[\"https:\\\/\\\/www.mediatica.fm\\\/\"],\"url\":\"https:\\\/\\\/mediatica.fm\\\/index.php\\\/author\\\/mediaticafm\\\/\"}]}<\/script>\n<!-- \/ Yoast SEO plugin. -->","yoast_head_json":{"title":"La Inteligencia Artificial que te har\u00e1 Cuestionar el Futuro - Medi\u00e1tica FM","description":"Checa las pel\u00edculas que abordan dilemas \u00e9ticos, emocionales y filos\u00f3ficos de la inteligencia artificial que est\u00e1 transformando nuestro presente y futuro.","robots":{"index":"index","follow":"follow","max-snippet":"max-snippet:-1","max-image-preview":"max-image-preview:large","max-video-preview":"max-video-preview:-1"},"canonical":"https:\/\/mediatica.fm\/index.php\/2024\/11\/15\/la-inteligencia-artificial-que-te-hara-cuestionar-el-futuro\/","og_locale":"es_ES","og_type":"article","og_title":"La Inteligencia Artificial que te har\u00e1 Cuestionar el Futuro - Medi\u00e1tica FM","og_description":"Checa las pel\u00edculas que abordan dilemas \u00e9ticos, emocionales y filos\u00f3ficos de la inteligencia artificial que est\u00e1 transformando nuestro presente y futuro.","og_url":"https:\/\/mediatica.fm\/index.php\/2024\/11\/15\/la-inteligencia-artificial-que-te-hara-cuestionar-el-futuro\/","og_site_name":"Medi\u00e1tica FM","article_publisher":"https:\/\/www.facebook.com\/Mediaticafm","article_published_time":"2024-11-15T21:46:57+00:00","article_modified_time":"2024-11-21T00:07:54+00:00","og_image":[{"width":1024,"height":1024,"url":"https:\/\/mediatica.fm\/wp-content\/uploads\/2024\/11\/ia-cabeza.jpg","type":"image\/jpeg"}],"author":"Medi\u00e1tica FM","twitter_card":"summary_large_image","twitter_creator":"@mediaticafm","twitter_site":"@mediaticafm","twitter_misc":{"Escrito por":"Medi\u00e1tica FM","Tiempo de lectura":"2 minutos"},"schema":{"@context":"https:\/\/schema.org","@graph":[{"@type":"Article","@id":"https:\/\/mediatica.fm\/index.php\/2024\/11\/15\/la-inteligencia-artificial-que-te-hara-cuestionar-el-futuro\/#article","isPartOf":{"@id":"https:\/\/mediatica.fm\/index.php\/2024\/11\/15\/la-inteligencia-artificial-que-te-hara-cuestionar-el-futuro\/"},"author":{"name":"Medi\u00e1tica FM","@id":"https:\/\/mediatica.fm\/#\/schema\/person\/f18c1982149d378d0707d1e6bb1b7ff8"},"headline":"La Inteligencia Artificial que te har\u00e1 Cuestionar el Futuro","datePublished":"2024-11-15T21:46:57+00:00","dateModified":"2024-11-21T00:07:54+00:00","mainEntityOfPage":{"@id":"https:\/\/mediatica.fm\/index.php\/2024\/11\/15\/la-inteligencia-artificial-que-te-hara-cuestionar-el-futuro\/"},"wordCount":403,"publisher":{"@id":"https:\/\/mediatica.fm\/#organization"},"image":{"@id":"https:\/\/mediatica.fm\/index.php\/2024\/11\/15\/la-inteligencia-artificial-que-te-hara-cuestionar-el-futuro\/#primaryimage"},"thumbnailUrl":"https:\/\/mediatica.fm\/wp-content\/uploads\/2024\/11\/ia-cabeza.jpg","keywords":["ia","inteligencia artificial","paradigmas medi\u00e1ticos"],"articleSection":["Art\u00edculos","Paradigmas Medi\u00e1ticos"],"inLanguage":"es"},{"@type":"WebPage","@id":"https:\/\/mediatica.fm\/index.php\/2024\/11\/15\/la-inteligencia-artificial-que-te-hara-cuestionar-el-futuro\/","url":"https:\/\/mediatica.fm\/index.php\/2024\/11\/15\/la-inteligencia-artificial-que-te-hara-cuestionar-el-futuro\/","name":"La Inteligencia Artificial que te har\u00e1 Cuestionar el Futuro - Medi\u00e1tica FM","isPartOf":{"@id":"https:\/\/mediatica.fm\/#website"},"primaryImageOfPage":{"@id":"https:\/\/mediatica.fm\/index.php\/2024\/11\/15\/la-inteligencia-artificial-que-te-hara-cuestionar-el-futuro\/#primaryimage"},"image":{"@id":"https:\/\/mediatica.fm\/index.php\/2024\/11\/15\/la-inteligencia-artificial-que-te-hara-cuestionar-el-futuro\/#primaryimage"},"thumbnailUrl":"https:\/\/mediatica.fm\/wp-content\/uploads\/2024\/11\/ia-cabeza.jpg","datePublished":"2024-11-15T21:46:57+00:00","dateModified":"2024-11-21T00:07:54+00:00","description":"Checa las pel\u00edculas que abordan dilemas \u00e9ticos, emocionales y filos\u00f3ficos de la inteligencia artificial que est\u00e1 transformando nuestro presente y futuro.","breadcrumb":{"@id":"https:\/\/mediatica.fm\/index.php\/2024\/11\/15\/la-inteligencia-artificial-que-te-hara-cuestionar-el-futuro\/#breadcrumb"},"inLanguage":"es","potentialAction":[{"@type":"ReadAction","target":["https:\/\/mediatica.fm\/index.php\/2024\/11\/15\/la-inteligencia-artificial-que-te-hara-cuestionar-el-futuro\/"]}]},{"@type":"ImageObject","inLanguage":"es","@id":"https:\/\/mediatica.fm\/index.php\/2024\/11\/15\/la-inteligencia-artificial-que-te-hara-cuestionar-el-futuro\/#primaryimage","url":"https:\/\/mediatica.fm\/wp-content\/uploads\/2024\/11\/ia-cabeza.jpg","contentUrl":"https:\/\/mediatica.fm\/wp-content\/uploads\/2024\/11\/ia-cabeza.jpg","width":1024,"height":1024},{"@type":"BreadcrumbList","@id":"https:\/\/mediatica.fm\/index.php\/2024\/11\/15\/la-inteligencia-artificial-que-te-hara-cuestionar-el-futuro\/#breadcrumb","itemListElement":[{"@type":"ListItem","position":1,"name":"Portada","item":"https:\/\/mediatica.fm\/"},{"@type":"ListItem","position":2,"name":"La Inteligencia Artificial que te har\u00e1 Cuestionar el Futuro"}]},{"@type":"WebSite","@id":"https:\/\/mediatica.fm\/#website","url":"https:\/\/mediatica.fm\/","name":"Medi\u00e1tica FM","description":"Radio alternativa, menos discurso, m\u00e1s acci\u00f3n","publisher":{"@id":"https:\/\/mediatica.fm\/#organization"},"potentialAction":[{"@type":"SearchAction","target":{"@type":"EntryPoint","urlTemplate":"https:\/\/mediatica.fm\/?s={search_term_string}"},"query-input":{"@type":"PropertyValueSpecification","valueRequired":true,"valueName":"search_term_string"}}],"inLanguage":"es"},{"@type":"Organization","@id":"https:\/\/mediatica.fm\/#organization","name":"Medi\u00e1tica FM","url":"https:\/\/mediatica.fm\/","logo":{"@type":"ImageObject","inLanguage":"es","@id":"https:\/\/mediatica.fm\/#\/schema\/logo\/image\/","url":"https:\/\/mediatica.fm\/wp-content\/uploads\/2023\/11\/logo-solo-blanco.fw_.png","contentUrl":"https:\/\/mediatica.fm\/wp-content\/uploads\/2023\/11\/logo-solo-blanco.fw_.png","width":928,"height":724,"caption":"Medi\u00e1tica FM"},"image":{"@id":"https:\/\/mediatica.fm\/#\/schema\/logo\/image\/"},"sameAs":["https:\/\/www.facebook.com\/Mediaticafm","https:\/\/x.com\/mediaticafm","https:\/\/www.instagram.com\/mediatica.fm\/","https:\/\/www.youtube.com\/@MediaticaFm","https:\/\/www.tiktok.com\/@mediaticafm"]},{"@type":"Person","@id":"https:\/\/mediatica.fm\/#\/schema\/person\/f18c1982149d378d0707d1e6bb1b7ff8","name":"Medi\u00e1tica FM","image":{"@type":"ImageObject","inLanguage":"es","@id":"https:\/\/secure.gravatar.com\/avatar\/f5e12d9aeb2221fbe18cc7e14955d88d0fdeb166f495d728b681f00b1df025f5?s=96&d=mm&r=g","url":"https:\/\/secure.gravatar.com\/avatar\/f5e12d9aeb2221fbe18cc7e14955d88d0fdeb166f495d728b681f00b1df025f5?s=96&d=mm&r=g","contentUrl":"https:\/\/secure.gravatar.com\/avatar\/f5e12d9aeb2221fbe18cc7e14955d88d0fdeb166f495d728b681f00b1df025f5?s=96&d=mm&r=g","caption":"Medi\u00e1tica FM"},"sameAs":["https:\/\/www.mediatica.fm\/"],"url":"https:\/\/mediatica.fm\/index.php\/author\/mediaticafm\/"}]}},"jetpack_featured_media_url":"https:\/\/mediatica.fm\/wp-content\/uploads\/2024\/11\/ia-cabeza.jpg","jetpack_sharing_enabled":true,"_links":{"self":[{"href":"https:\/\/mediatica.fm\/index.php\/wp-json\/wp\/v2\/posts\/552","targetHints":{"allow":["GET"]}}],"collection":[{"href":"https:\/\/mediatica.fm\/index.php\/wp-json\/wp\/v2\/posts"}],"about":[{"href":"https:\/\/mediatica.fm\/index.php\/wp-json\/wp\/v2\/types\/post"}],"author":[{"embeddable":true,"href":"https:\/\/mediatica.fm\/index.php\/wp-json\/wp\/v2\/users\/2"}],"replies":[{"embeddable":true,"href":"https:\/\/mediatica.fm\/index.php\/wp-json\/wp\/v2\/comments?post=552"}],"version-history":[{"count":3,"href":"https:\/\/mediatica.fm\/index.php\/wp-json\/wp\/v2\/posts\/552\/revisions"}],"predecessor-version":[{"id":562,"href":"https:\/\/mediatica.fm\/index.php\/wp-json\/wp\/v2\/posts\/552\/revisions\/562"}],"wp:featuredmedia":[{"embeddable":true,"href":"https:\/\/mediatica.fm\/index.php\/wp-json\/wp\/v2\/media\/553"}],"wp:attachment":[{"href":"https:\/\/mediatica.fm\/index.php\/wp-json\/wp\/v2\/media?parent=552"}],"wp:term":[{"taxonomy":"category","embeddable":true,"href":"https:\/\/mediatica.fm\/index.php\/wp-json\/wp\/v2\/categories?post=552"},{"taxonomy":"post_tag","embeddable":true,"href":"https:\/\/mediatica.fm\/index.php\/wp-json\/wp\/v2\/tags?post=552"}],"curies":[{"name":"wp","href":"https:\/\/api.w.org\/{rel}","templated":true}]}}