{"id":545,"date":"2024-11-08T16:03:41","date_gmt":"2024-11-08T22:03:41","guid":{"rendered":"https:\/\/mediatica.fm\/?p=545"},"modified":"2024-11-20T18:08:49","modified_gmt":"2024-11-21T00:08:49","slug":"explora-la-fluidez-de-genero","status":"publish","type":"post","link":"https:\/\/mediatica.fm\/index.php\/2024\/11\/08\/explora-la-fluidez-de-genero\/","title":{"rendered":"Explora la Fluidez de G\u00e9nero"},"content":{"rendered":"<p>En la b\u00fasqueda de una sociedad m\u00e1s justa e inclusiva, es fundamental abrir nuestras mentes y corazones para comprender la diversidad de identidades y experiencias de vida. Este episodio de <span style=\"color: #ff9900;\"><em>Paradigmas Medi\u00e1ticos<\/em><\/span> te invita a desafiar los prejuicios y a profundizar en el tema de la <span style=\"color: #ff9900;\">fluidez de g\u00e9nero<\/span>. A trav\u00e9s de una selecci\u00f3n de series cuidadosamente elegidas, el episodio aborda temas fundamentales como la identidad de g\u00e9nero, la lucha contra la homofobia y la transfobia, y la importancia de respetar las diferentes formas de expresi\u00f3n y orientaci\u00f3n sexual.<\/p>\n<p>La <span style=\"color: #ff9900;\">fluidez de g\u00e9nero <\/span>es una manifestaci\u00f3n aut\u00e9ntica de la complejidad humana y, como tal, merece ser reconocida y respetada. El programa explora estas ideas a trav\u00e9s de series que no solo narran historias conmovedoras y reveladoras, sino que tambi\u00e9n visibilizan la diversidad de las vivencias LGBTQ+. Entre ellas se encuentra Transparent, una serie pionera que examina los retos y el amor de una familia mientras su protagonista, una mujer transg\u00e9nero, revela su identidad. Otro t\u00edtulo destacado es Pose, que celebra la vibrante cultura ball de la comunidad LGBTQ+ en Nueva York en los a\u00f1os 80, mostrando el valor y la resiliencia de quienes buscan autenticidad y un espacio seguro.<\/p>\n<p>Desde M\u00e9xico, <em>Tengo que morir todas las noches<\/em> y <em>El secreto del r\u00edo<\/em> nos llevan a trav\u00e9s de la historia y cultura local, explorando la identidad de g\u00e9nero y el impacto de la diversidad sexual en el contexto mexicano. Cada una de estas series ofrece una perspectiva \u00fanica y educativa, apoyando la construcci\u00f3n de una visi\u00f3n de mundo en la que el amor y la dignidad no conocen fronteras.<\/p>\n<p>No pierdas la oportunidad de escuchar este episodio de <em>Paradigmas Medi\u00e1ticos<\/em> y abrirte a nuevas realidades de la <span style=\"color: #ff9900;\">fluidez de g\u00e9nero<\/span>. D\u00e9jate inspirar por historias de lucha, aceptaci\u00f3n y respeto, y \u00fanete al llamado por un mundo sin etiquetas restrictivas ni prejuicios. \u00a1Dale play y s\u00e9 parte de esta conversaci\u00f3n esencial para nuestro tiempo!<\/p>\n<p><iframe title=\"YouTube video player\" src=\"https:\/\/www.youtube.com\/embed\/DmuJWayGykQ?si=jotQomqxZYxfZZMg\" width=\"560\" height=\"315\" frameborder=\"0\" allowfullscreen=\"allowfullscreen\"><\/iframe><\/p>\n","protected":false},"excerpt":{"rendered":"<p>En la b\u00fasqueda de una sociedad m\u00e1s justa e inclusiva, es fundamental abrir nuestras mentes y corazones para comprender la diversidad de identidades y experiencias de vida. Este episodio de Paradigmas Medi\u00e1ticos te invita a desafiar los prejuicios y a profundizar en el tema de la fluidez de g\u00e9nero. A trav\u00e9s de una selecci\u00f3n de [&hellip;]<\/p>\n","protected":false},"author":2,"featured_media":546,"comment_status":"closed","ping_status":"open","sticky":false,"template":"","format":"standard","meta":{"_jetpack_memberships_contains_paid_content":false,"footnotes":""},"categories":[5,55],"tags":[65,62,64,56,57,63,66],"class_list":["post-545","post","type-post","status-publish","format-standard","has-post-thumbnail","hentry","category-articles","category-paradigmas_mediaticos","tag-fluidez-de-genero","tag-lgbtq","tag-pansexual","tag-paradigmas","tag-paradigmas-mediaticos","tag-transexual","tag-transparent"],"yoast_head":"<!-- This site is optimized with the Yoast SEO plugin v27.4 - https:\/\/yoast.com\/product\/yoast-seo-wordpress\/ -->\n<title>Explora la Fluidez de G\u00e9nero - Medi\u00e1tica FM<\/title>\n<meta name=\"description\" content=\"Este episodio de Paradigmas Medi\u00e1ticos te invita a desafiar los prejuicios y a profundizar en el tema de la fluidez de g\u00e9nero.\" \/>\n<meta name=\"robots\" content=\"index, follow, max-snippet:-1, max-image-preview:large, max-video-preview:-1\" \/>\n<link rel=\"canonical\" href=\"https:\/\/mediatica.fm\/index.php\/2024\/11\/08\/explora-la-fluidez-de-genero\/\" \/>\n<meta property=\"og:locale\" content=\"es_ES\" \/>\n<meta property=\"og:type\" content=\"article\" \/>\n<meta property=\"og:title\" content=\"Explora la Fluidez de G\u00e9nero - Medi\u00e1tica FM\" \/>\n<meta property=\"og:description\" content=\"Este episodio de Paradigmas Medi\u00e1ticos te invita a desafiar los prejuicios y a profundizar en el tema de la fluidez de g\u00e9nero.\" \/>\n<meta property=\"og:url\" content=\"https:\/\/mediatica.fm\/index.php\/2024\/11\/08\/explora-la-fluidez-de-genero\/\" \/>\n<meta property=\"og:site_name\" content=\"Medi\u00e1tica FM\" \/>\n<meta property=\"article:publisher\" content=\"https:\/\/www.facebook.com\/Mediaticafm\" \/>\n<meta property=\"article:published_time\" content=\"2024-11-08T22:03:41+00:00\" \/>\n<meta property=\"article:modified_time\" content=\"2024-11-21T00:08:49+00:00\" \/>\n<meta property=\"og:image\" content=\"https:\/\/mediatica.fm\/wp-content\/uploads\/2024\/11\/flgtbq_ok2.jpg\" \/>\n\t<meta property=\"og:image:width\" content=\"1003\" \/>\n\t<meta property=\"og:image:height\" content=\"729\" \/>\n\t<meta property=\"og:image:type\" content=\"image\/jpeg\" \/>\n<meta name=\"author\" content=\"Medi\u00e1tica FM\" \/>\n<meta name=\"twitter:card\" content=\"summary_large_image\" \/>\n<meta name=\"twitter:creator\" content=\"@mediaticafm\" \/>\n<meta name=\"twitter:site\" content=\"@mediaticafm\" \/>\n<meta name=\"twitter:label1\" content=\"Escrito por\" \/>\n\t<meta name=\"twitter:data1\" content=\"Medi\u00e1tica FM\" \/>\n\t<meta name=\"twitter:label2\" content=\"Tiempo de lectura\" \/>\n\t<meta name=\"twitter:data2\" content=\"2 minutos\" \/>\n<script type=\"application\/ld+json\" class=\"yoast-schema-graph\">{\"@context\":\"https:\\\/\\\/schema.org\",\"@graph\":[{\"@type\":\"Article\",\"@id\":\"https:\\\/\\\/mediatica.fm\\\/index.php\\\/2024\\\/11\\\/08\\\/explora-la-fluidez-de-genero\\\/#article\",\"isPartOf\":{\"@id\":\"https:\\\/\\\/mediatica.fm\\\/index.php\\\/2024\\\/11\\\/08\\\/explora-la-fluidez-de-genero\\\/\"},\"author\":{\"name\":\"Medi\u00e1tica FM\",\"@id\":\"https:\\\/\\\/mediatica.fm\\\/#\\\/schema\\\/person\\\/f18c1982149d378d0707d1e6bb1b7ff8\"},\"headline\":\"Explora la Fluidez de G\u00e9nero\",\"datePublished\":\"2024-11-08T22:03:41+00:00\",\"dateModified\":\"2024-11-21T00:08:49+00:00\",\"mainEntityOfPage\":{\"@id\":\"https:\\\/\\\/mediatica.fm\\\/index.php\\\/2024\\\/11\\\/08\\\/explora-la-fluidez-de-genero\\\/\"},\"wordCount\":355,\"publisher\":{\"@id\":\"https:\\\/\\\/mediatica.fm\\\/#organization\"},\"image\":{\"@id\":\"https:\\\/\\\/mediatica.fm\\\/index.php\\\/2024\\\/11\\\/08\\\/explora-la-fluidez-de-genero\\\/#primaryimage\"},\"thumbnailUrl\":\"https:\\\/\\\/mediatica.fm\\\/wp-content\\\/uploads\\\/2024\\\/11\\\/flgtbq_ok2.jpg\",\"keywords\":[\"fluidez de g\u00e9nero\",\"lgbtq\",\"pansexual\",\"paradigmas\",\"paradigmas medi\u00e1ticos\",\"transexual\",\"transparent\"],\"articleSection\":[\"Art\u00edculos\",\"Paradigmas Medi\u00e1ticos\"],\"inLanguage\":\"es\"},{\"@type\":\"WebPage\",\"@id\":\"https:\\\/\\\/mediatica.fm\\\/index.php\\\/2024\\\/11\\\/08\\\/explora-la-fluidez-de-genero\\\/\",\"url\":\"https:\\\/\\\/mediatica.fm\\\/index.php\\\/2024\\\/11\\\/08\\\/explora-la-fluidez-de-genero\\\/\",\"name\":\"Explora la Fluidez de G\u00e9nero - Medi\u00e1tica FM\",\"isPartOf\":{\"@id\":\"https:\\\/\\\/mediatica.fm\\\/#website\"},\"primaryImageOfPage\":{\"@id\":\"https:\\\/\\\/mediatica.fm\\\/index.php\\\/2024\\\/11\\\/08\\\/explora-la-fluidez-de-genero\\\/#primaryimage\"},\"image\":{\"@id\":\"https:\\\/\\\/mediatica.fm\\\/index.php\\\/2024\\\/11\\\/08\\\/explora-la-fluidez-de-genero\\\/#primaryimage\"},\"thumbnailUrl\":\"https:\\\/\\\/mediatica.fm\\\/wp-content\\\/uploads\\\/2024\\\/11\\\/flgtbq_ok2.jpg\",\"datePublished\":\"2024-11-08T22:03:41+00:00\",\"dateModified\":\"2024-11-21T00:08:49+00:00\",\"description\":\"Este episodio de Paradigmas Medi\u00e1ticos te invita a desafiar los prejuicios y a profundizar en el tema de la fluidez de g\u00e9nero.\",\"breadcrumb\":{\"@id\":\"https:\\\/\\\/mediatica.fm\\\/index.php\\\/2024\\\/11\\\/08\\\/explora-la-fluidez-de-genero\\\/#breadcrumb\"},\"inLanguage\":\"es\",\"potentialAction\":[{\"@type\":\"ReadAction\",\"target\":[\"https:\\\/\\\/mediatica.fm\\\/index.php\\\/2024\\\/11\\\/08\\\/explora-la-fluidez-de-genero\\\/\"]}]},{\"@type\":\"ImageObject\",\"inLanguage\":\"es\",\"@id\":\"https:\\\/\\\/mediatica.fm\\\/index.php\\\/2024\\\/11\\\/08\\\/explora-la-fluidez-de-genero\\\/#primaryimage\",\"url\":\"https:\\\/\\\/mediatica.fm\\\/wp-content\\\/uploads\\\/2024\\\/11\\\/flgtbq_ok2.jpg\",\"contentUrl\":\"https:\\\/\\\/mediatica.fm\\\/wp-content\\\/uploads\\\/2024\\\/11\\\/flgtbq_ok2.jpg\",\"width\":1003,\"height\":729},{\"@type\":\"BreadcrumbList\",\"@id\":\"https:\\\/\\\/mediatica.fm\\\/index.php\\\/2024\\\/11\\\/08\\\/explora-la-fluidez-de-genero\\\/#breadcrumb\",\"itemListElement\":[{\"@type\":\"ListItem\",\"position\":1,\"name\":\"Portada\",\"item\":\"https:\\\/\\\/mediatica.fm\\\/\"},{\"@type\":\"ListItem\",\"position\":2,\"name\":\"Explora la Fluidez de G\u00e9nero\"}]},{\"@type\":\"WebSite\",\"@id\":\"https:\\\/\\\/mediatica.fm\\\/#website\",\"url\":\"https:\\\/\\\/mediatica.fm\\\/\",\"name\":\"Medi\u00e1tica FM\",\"description\":\"Radio alternativa, menos discurso, m\u00e1s acci\u00f3n\",\"publisher\":{\"@id\":\"https:\\\/\\\/mediatica.fm\\\/#organization\"},\"potentialAction\":[{\"@type\":\"SearchAction\",\"target\":{\"@type\":\"EntryPoint\",\"urlTemplate\":\"https:\\\/\\\/mediatica.fm\\\/?s={search_term_string}\"},\"query-input\":{\"@type\":\"PropertyValueSpecification\",\"valueRequired\":true,\"valueName\":\"search_term_string\"}}],\"inLanguage\":\"es\"},{\"@type\":\"Organization\",\"@id\":\"https:\\\/\\\/mediatica.fm\\\/#organization\",\"name\":\"Medi\u00e1tica FM\",\"url\":\"https:\\\/\\\/mediatica.fm\\\/\",\"logo\":{\"@type\":\"ImageObject\",\"inLanguage\":\"es\",\"@id\":\"https:\\\/\\\/mediatica.fm\\\/#\\\/schema\\\/logo\\\/image\\\/\",\"url\":\"https:\\\/\\\/mediatica.fm\\\/wp-content\\\/uploads\\\/2023\\\/11\\\/logo-solo-blanco.fw_.png\",\"contentUrl\":\"https:\\\/\\\/mediatica.fm\\\/wp-content\\\/uploads\\\/2023\\\/11\\\/logo-solo-blanco.fw_.png\",\"width\":928,\"height\":724,\"caption\":\"Medi\u00e1tica FM\"},\"image\":{\"@id\":\"https:\\\/\\\/mediatica.fm\\\/#\\\/schema\\\/logo\\\/image\\\/\"},\"sameAs\":[\"https:\\\/\\\/www.facebook.com\\\/Mediaticafm\",\"https:\\\/\\\/x.com\\\/mediaticafm\",\"https:\\\/\\\/www.instagram.com\\\/mediatica.fm\\\/\",\"https:\\\/\\\/www.youtube.com\\\/@MediaticaFm\",\"https:\\\/\\\/www.tiktok.com\\\/@mediaticafm\"]},{\"@type\":\"Person\",\"@id\":\"https:\\\/\\\/mediatica.fm\\\/#\\\/schema\\\/person\\\/f18c1982149d378d0707d1e6bb1b7ff8\",\"name\":\"Medi\u00e1tica FM\",\"image\":{\"@type\":\"ImageObject\",\"inLanguage\":\"es\",\"@id\":\"https:\\\/\\\/secure.gravatar.com\\\/avatar\\\/f5e12d9aeb2221fbe18cc7e14955d88d0fdeb166f495d728b681f00b1df025f5?s=96&d=mm&r=g\",\"url\":\"https:\\\/\\\/secure.gravatar.com\\\/avatar\\\/f5e12d9aeb2221fbe18cc7e14955d88d0fdeb166f495d728b681f00b1df025f5?s=96&d=mm&r=g\",\"contentUrl\":\"https:\\\/\\\/secure.gravatar.com\\\/avatar\\\/f5e12d9aeb2221fbe18cc7e14955d88d0fdeb166f495d728b681f00b1df025f5?s=96&d=mm&r=g\",\"caption\":\"Medi\u00e1tica FM\"},\"sameAs\":[\"https:\\\/\\\/www.mediatica.fm\\\/\"],\"url\":\"https:\\\/\\\/mediatica.fm\\\/index.php\\\/author\\\/mediaticafm\\\/\"}]}<\/script>\n<!-- \/ Yoast SEO plugin. -->","yoast_head_json":{"title":"Explora la Fluidez de G\u00e9nero - Medi\u00e1tica FM","description":"Este episodio de Paradigmas Medi\u00e1ticos te invita a desafiar los prejuicios y a profundizar en el tema de la fluidez de g\u00e9nero.","robots":{"index":"index","follow":"follow","max-snippet":"max-snippet:-1","max-image-preview":"max-image-preview:large","max-video-preview":"max-video-preview:-1"},"canonical":"https:\/\/mediatica.fm\/index.php\/2024\/11\/08\/explora-la-fluidez-de-genero\/","og_locale":"es_ES","og_type":"article","og_title":"Explora la Fluidez de G\u00e9nero - Medi\u00e1tica FM","og_description":"Este episodio de Paradigmas Medi\u00e1ticos te invita a desafiar los prejuicios y a profundizar en el tema de la fluidez de g\u00e9nero.","og_url":"https:\/\/mediatica.fm\/index.php\/2024\/11\/08\/explora-la-fluidez-de-genero\/","og_site_name":"Medi\u00e1tica FM","article_publisher":"https:\/\/www.facebook.com\/Mediaticafm","article_published_time":"2024-11-08T22:03:41+00:00","article_modified_time":"2024-11-21T00:08:49+00:00","og_image":[{"width":1003,"height":729,"url":"https:\/\/mediatica.fm\/wp-content\/uploads\/2024\/11\/flgtbq_ok2.jpg","type":"image\/jpeg"}],"author":"Medi\u00e1tica FM","twitter_card":"summary_large_image","twitter_creator":"@mediaticafm","twitter_site":"@mediaticafm","twitter_misc":{"Escrito por":"Medi\u00e1tica FM","Tiempo de lectura":"2 minutos"},"schema":{"@context":"https:\/\/schema.org","@graph":[{"@type":"Article","@id":"https:\/\/mediatica.fm\/index.php\/2024\/11\/08\/explora-la-fluidez-de-genero\/#article","isPartOf":{"@id":"https:\/\/mediatica.fm\/index.php\/2024\/11\/08\/explora-la-fluidez-de-genero\/"},"author":{"name":"Medi\u00e1tica FM","@id":"https:\/\/mediatica.fm\/#\/schema\/person\/f18c1982149d378d0707d1e6bb1b7ff8"},"headline":"Explora la Fluidez de G\u00e9nero","datePublished":"2024-11-08T22:03:41+00:00","dateModified":"2024-11-21T00:08:49+00:00","mainEntityOfPage":{"@id":"https:\/\/mediatica.fm\/index.php\/2024\/11\/08\/explora-la-fluidez-de-genero\/"},"wordCount":355,"publisher":{"@id":"https:\/\/mediatica.fm\/#organization"},"image":{"@id":"https:\/\/mediatica.fm\/index.php\/2024\/11\/08\/explora-la-fluidez-de-genero\/#primaryimage"},"thumbnailUrl":"https:\/\/mediatica.fm\/wp-content\/uploads\/2024\/11\/flgtbq_ok2.jpg","keywords":["fluidez de g\u00e9nero","lgbtq","pansexual","paradigmas","paradigmas medi\u00e1ticos","transexual","transparent"],"articleSection":["Art\u00edculos","Paradigmas Medi\u00e1ticos"],"inLanguage":"es"},{"@type":"WebPage","@id":"https:\/\/mediatica.fm\/index.php\/2024\/11\/08\/explora-la-fluidez-de-genero\/","url":"https:\/\/mediatica.fm\/index.php\/2024\/11\/08\/explora-la-fluidez-de-genero\/","name":"Explora la Fluidez de G\u00e9nero - Medi\u00e1tica FM","isPartOf":{"@id":"https:\/\/mediatica.fm\/#website"},"primaryImageOfPage":{"@id":"https:\/\/mediatica.fm\/index.php\/2024\/11\/08\/explora-la-fluidez-de-genero\/#primaryimage"},"image":{"@id":"https:\/\/mediatica.fm\/index.php\/2024\/11\/08\/explora-la-fluidez-de-genero\/#primaryimage"},"thumbnailUrl":"https:\/\/mediatica.fm\/wp-content\/uploads\/2024\/11\/flgtbq_ok2.jpg","datePublished":"2024-11-08T22:03:41+00:00","dateModified":"2024-11-21T00:08:49+00:00","description":"Este episodio de Paradigmas Medi\u00e1ticos te invita a desafiar los prejuicios y a profundizar en el tema de la fluidez de g\u00e9nero.","breadcrumb":{"@id":"https:\/\/mediatica.fm\/index.php\/2024\/11\/08\/explora-la-fluidez-de-genero\/#breadcrumb"},"inLanguage":"es","potentialAction":[{"@type":"ReadAction","target":["https:\/\/mediatica.fm\/index.php\/2024\/11\/08\/explora-la-fluidez-de-genero\/"]}]},{"@type":"ImageObject","inLanguage":"es","@id":"https:\/\/mediatica.fm\/index.php\/2024\/11\/08\/explora-la-fluidez-de-genero\/#primaryimage","url":"https:\/\/mediatica.fm\/wp-content\/uploads\/2024\/11\/flgtbq_ok2.jpg","contentUrl":"https:\/\/mediatica.fm\/wp-content\/uploads\/2024\/11\/flgtbq_ok2.jpg","width":1003,"height":729},{"@type":"BreadcrumbList","@id":"https:\/\/mediatica.fm\/index.php\/2024\/11\/08\/explora-la-fluidez-de-genero\/#breadcrumb","itemListElement":[{"@type":"ListItem","position":1,"name":"Portada","item":"https:\/\/mediatica.fm\/"},{"@type":"ListItem","position":2,"name":"Explora la Fluidez de G\u00e9nero"}]},{"@type":"WebSite","@id":"https:\/\/mediatica.fm\/#website","url":"https:\/\/mediatica.fm\/","name":"Medi\u00e1tica FM","description":"Radio alternativa, menos discurso, m\u00e1s acci\u00f3n","publisher":{"@id":"https:\/\/mediatica.fm\/#organization"},"potentialAction":[{"@type":"SearchAction","target":{"@type":"EntryPoint","urlTemplate":"https:\/\/mediatica.fm\/?s={search_term_string}"},"query-input":{"@type":"PropertyValueSpecification","valueRequired":true,"valueName":"search_term_string"}}],"inLanguage":"es"},{"@type":"Organization","@id":"https:\/\/mediatica.fm\/#organization","name":"Medi\u00e1tica FM","url":"https:\/\/mediatica.fm\/","logo":{"@type":"ImageObject","inLanguage":"es","@id":"https:\/\/mediatica.fm\/#\/schema\/logo\/image\/","url":"https:\/\/mediatica.fm\/wp-content\/uploads\/2023\/11\/logo-solo-blanco.fw_.png","contentUrl":"https:\/\/mediatica.fm\/wp-content\/uploads\/2023\/11\/logo-solo-blanco.fw_.png","width":928,"height":724,"caption":"Medi\u00e1tica FM"},"image":{"@id":"https:\/\/mediatica.fm\/#\/schema\/logo\/image\/"},"sameAs":["https:\/\/www.facebook.com\/Mediaticafm","https:\/\/x.com\/mediaticafm","https:\/\/www.instagram.com\/mediatica.fm\/","https:\/\/www.youtube.com\/@MediaticaFm","https:\/\/www.tiktok.com\/@mediaticafm"]},{"@type":"Person","@id":"https:\/\/mediatica.fm\/#\/schema\/person\/f18c1982149d378d0707d1e6bb1b7ff8","name":"Medi\u00e1tica FM","image":{"@type":"ImageObject","inLanguage":"es","@id":"https:\/\/secure.gravatar.com\/avatar\/f5e12d9aeb2221fbe18cc7e14955d88d0fdeb166f495d728b681f00b1df025f5?s=96&d=mm&r=g","url":"https:\/\/secure.gravatar.com\/avatar\/f5e12d9aeb2221fbe18cc7e14955d88d0fdeb166f495d728b681f00b1df025f5?s=96&d=mm&r=g","contentUrl":"https:\/\/secure.gravatar.com\/avatar\/f5e12d9aeb2221fbe18cc7e14955d88d0fdeb166f495d728b681f00b1df025f5?s=96&d=mm&r=g","caption":"Medi\u00e1tica FM"},"sameAs":["https:\/\/www.mediatica.fm\/"],"url":"https:\/\/mediatica.fm\/index.php\/author\/mediaticafm\/"}]}},"jetpack_featured_media_url":"https:\/\/mediatica.fm\/wp-content\/uploads\/2024\/11\/flgtbq_ok2.jpg","jetpack_sharing_enabled":true,"_links":{"self":[{"href":"https:\/\/mediatica.fm\/index.php\/wp-json\/wp\/v2\/posts\/545","targetHints":{"allow":["GET"]}}],"collection":[{"href":"https:\/\/mediatica.fm\/index.php\/wp-json\/wp\/v2\/posts"}],"about":[{"href":"https:\/\/mediatica.fm\/index.php\/wp-json\/wp\/v2\/types\/post"}],"author":[{"embeddable":true,"href":"https:\/\/mediatica.fm\/index.php\/wp-json\/wp\/v2\/users\/2"}],"replies":[{"embeddable":true,"href":"https:\/\/mediatica.fm\/index.php\/wp-json\/wp\/v2\/comments?post=545"}],"version-history":[{"count":4,"href":"https:\/\/mediatica.fm\/index.php\/wp-json\/wp\/v2\/posts\/545\/revisions"}],"predecessor-version":[{"id":563,"href":"https:\/\/mediatica.fm\/index.php\/wp-json\/wp\/v2\/posts\/545\/revisions\/563"}],"wp:featuredmedia":[{"embeddable":true,"href":"https:\/\/mediatica.fm\/index.php\/wp-json\/wp\/v2\/media\/546"}],"wp:attachment":[{"href":"https:\/\/mediatica.fm\/index.php\/wp-json\/wp\/v2\/media?parent=545"}],"wp:term":[{"taxonomy":"category","embeddable":true,"href":"https:\/\/mediatica.fm\/index.php\/wp-json\/wp\/v2\/categories?post=545"},{"taxonomy":"post_tag","embeddable":true,"href":"https:\/\/mediatica.fm\/index.php\/wp-json\/wp\/v2\/tags?post=545"}],"curies":[{"name":"wp","href":"https:\/\/api.w.org\/{rel}","templated":true}]}}