{"id":536,"date":"2024-11-08T15:45:10","date_gmt":"2024-11-08T21:45:10","guid":{"rendered":"https:\/\/mediatica.fm\/?p=536"},"modified":"2024-11-20T18:09:41","modified_gmt":"2024-11-21T00:09:41","slug":"explorando-la-muerte-como-fenomeno-mediatico","status":"publish","type":"post","link":"https:\/\/mediatica.fm\/index.php\/2024\/11\/08\/explorando-la-muerte-como-fenomeno-mediatico\/","title":{"rendered":"Explorando la muerte como fen\u00f3meno medi\u00e1tico"},"content":{"rendered":"<p>\u00bfTe has preguntado por qu\u00e9 la muerte nos causa tanto inter\u00e9s y, al mismo tiempo, tanto miedo? En el quinto episodio de <span style=\"color: #ff9900;\"><em>Paradigmas Medi\u00e1ticos<\/em><\/span>, abordamos esta inevitable realidad desde distintas perspectivas, mostrando c\u00f3mo su representaci\u00f3n var\u00eda seg\u00fan el contexto cultural y la audiencia. Desde su personificaci\u00f3n en el arte y la literatura hasta su influencia en el cine y la m\u00fasica, <span style=\"color: #ff9900;\">la muerte como fen\u00f3meno medi\u00e1tico<\/span> siempre ha sido un tema poderoso y lleno de misterio.<\/p>\n<p>Este episodio se sumerge en las diferentes maneras en que la muerte ha sido representada en los medios, explorando c\u00f3mo los filmes y series han usado su presencia para a\u00f1adir profundidad a sus personajes e historias. Desde la ic\u00f3nica figura de la Parca hasta celebraciones como el D\u00eda de Muertos, el tema nos conecta con lo m\u00e1s profundo de nuestra naturaleza y nuestras preguntas existenciales. Adem\u00e1s, analizamos c\u00f3mo la tecnolog\u00eda est\u00e1 revolucionando nuestra percepci\u00f3n del final de la vida. Con la inteligencia artificial, por ejemplo, se est\u00e1n logrando predicciones de riesgos de mortalidad, lo cual podr\u00eda cambiar por completo nuestra forma de planear el futuro y nuestras decisiones de salud.<\/p>\n<p>Este episodio de <span style=\"color: #ff9900;\">la muerte como fen\u00f3meno medi\u00e1tico<\/span> te llevar\u00e1 por un recorrido donde exploramos c\u00f3mo los medios de comunicaci\u00f3n han convertido la muerte en un fen\u00f3meno tan cautivador como reflexivo.<\/p>\n<p>No te lo pierdas y \u00fanete a la conversaci\u00f3n en nuestro canal de YouTube.<\/p>\n<p><iframe title=\"YouTube video player\" src=\"https:\/\/www.youtube.com\/embed\/5HQ21H5Wcno?si=FThxnNl_SpZbHD61\" width=\"560\" height=\"315\" frameborder=\"0\" allowfullscreen=\"allowfullscreen\"><\/iframe><\/p>\n","protected":false},"excerpt":{"rendered":"<p>\u00bfTe has preguntado por qu\u00e9 la muerte nos causa tanto inter\u00e9s y, al mismo tiempo, tanto miedo? En el quinto episodio de Paradigmas Medi\u00e1ticos, abordamos esta inevitable realidad desde distintas perspectivas, mostrando c\u00f3mo su representaci\u00f3n var\u00eda seg\u00fan el contexto cultural y la audiencia. Desde su personificaci\u00f3n en el arte y la literatura hasta su influencia [&hellip;]<\/p>\n","protected":false},"author":2,"featured_media":542,"comment_status":"closed","ping_status":"open","sticky":false,"template":"","format":"standard","meta":{"_jetpack_memberships_contains_paid_content":false,"footnotes":""},"categories":[5,55],"tags":[61,59,58,56,57,60],"class_list":["post-536","post","type-post","status-publish","format-standard","has-post-thumbnail","hentry","category-articles","category-paradigmas_mediaticos","tag-canciones-de-muerte","tag-dia-de-muertos","tag-la-muerte","tag-paradigmas","tag-paradigmas-mediaticos","tag-peliculas-sobre-la-muerte"],"yoast_head":"<!-- This site is optimized with the Yoast SEO plugin v27.4 - https:\/\/yoast.com\/product\/yoast-seo-wordpress\/ -->\n<title>Explorando la muerte como fen\u00f3meno medi\u00e1tico - Medi\u00e1tica FM<\/title>\n<meta name=\"description\" content=\"Desde el arte y la literatura hasta en el cine y la m\u00fasica, la muerte como fen\u00f3meno medi\u00e1tico ha sido un tema poderoso y lleno de misterio.\" \/>\n<meta name=\"robots\" content=\"index, follow, max-snippet:-1, max-image-preview:large, max-video-preview:-1\" \/>\n<link rel=\"canonical\" href=\"https:\/\/mediatica.fm\/index.php\/2024\/11\/08\/explorando-la-muerte-como-fenomeno-mediatico\/\" \/>\n<meta property=\"og:locale\" content=\"es_ES\" \/>\n<meta property=\"og:type\" content=\"article\" \/>\n<meta property=\"og:title\" content=\"Explorando la muerte como fen\u00f3meno medi\u00e1tico - Medi\u00e1tica FM\" \/>\n<meta property=\"og:description\" content=\"Desde el arte y la literatura hasta en el cine y la m\u00fasica, la muerte como fen\u00f3meno medi\u00e1tico ha sido un tema poderoso y lleno de misterio.\" \/>\n<meta property=\"og:url\" content=\"https:\/\/mediatica.fm\/index.php\/2024\/11\/08\/explorando-la-muerte-como-fenomeno-mediatico\/\" \/>\n<meta property=\"og:site_name\" content=\"Medi\u00e1tica FM\" \/>\n<meta property=\"article:publisher\" content=\"https:\/\/www.facebook.com\/Mediaticafm\" \/>\n<meta property=\"article:published_time\" content=\"2024-11-08T21:45:10+00:00\" \/>\n<meta property=\"article:modified_time\" content=\"2024-11-21T00:09:41+00:00\" \/>\n<meta property=\"og:image\" content=\"https:\/\/mediatica.fm\/wp-content\/uploads\/2024\/11\/selfie-death_OK.jpg\" \/>\n\t<meta property=\"og:image:width\" content=\"1017\" \/>\n\t<meta property=\"og:image:height\" content=\"767\" \/>\n\t<meta property=\"og:image:type\" content=\"image\/jpeg\" \/>\n<meta name=\"author\" content=\"Medi\u00e1tica FM\" \/>\n<meta name=\"twitter:card\" content=\"summary_large_image\" \/>\n<meta name=\"twitter:creator\" content=\"@mediaticafm\" \/>\n<meta name=\"twitter:site\" content=\"@mediaticafm\" \/>\n<meta name=\"twitter:label1\" content=\"Escrito por\" \/>\n\t<meta name=\"twitter:data1\" content=\"Medi\u00e1tica FM\" \/>\n\t<meta name=\"twitter:label2\" content=\"Tiempo de lectura\" \/>\n\t<meta name=\"twitter:data2\" content=\"2 minutos\" \/>\n<script type=\"application\/ld+json\" class=\"yoast-schema-graph\">{\"@context\":\"https:\\\/\\\/schema.org\",\"@graph\":[{\"@type\":\"Article\",\"@id\":\"https:\\\/\\\/mediatica.fm\\\/index.php\\\/2024\\\/11\\\/08\\\/explorando-la-muerte-como-fenomeno-mediatico\\\/#article\",\"isPartOf\":{\"@id\":\"https:\\\/\\\/mediatica.fm\\\/index.php\\\/2024\\\/11\\\/08\\\/explorando-la-muerte-como-fenomeno-mediatico\\\/\"},\"author\":{\"name\":\"Medi\u00e1tica FM\",\"@id\":\"https:\\\/\\\/mediatica.fm\\\/#\\\/schema\\\/person\\\/f18c1982149d378d0707d1e6bb1b7ff8\"},\"headline\":\"Explorando la muerte como fen\u00f3meno medi\u00e1tico\",\"datePublished\":\"2024-11-08T21:45:10+00:00\",\"dateModified\":\"2024-11-21T00:09:41+00:00\",\"mainEntityOfPage\":{\"@id\":\"https:\\\/\\\/mediatica.fm\\\/index.php\\\/2024\\\/11\\\/08\\\/explorando-la-muerte-como-fenomeno-mediatico\\\/\"},\"wordCount\":266,\"publisher\":{\"@id\":\"https:\\\/\\\/mediatica.fm\\\/#organization\"},\"image\":{\"@id\":\"https:\\\/\\\/mediatica.fm\\\/index.php\\\/2024\\\/11\\\/08\\\/explorando-la-muerte-como-fenomeno-mediatico\\\/#primaryimage\"},\"thumbnailUrl\":\"https:\\\/\\\/mediatica.fm\\\/wp-content\\\/uploads\\\/2024\\\/11\\\/selfie-death_OK.jpg\",\"keywords\":[\"canciones de muerte\",\"d\u00eda de muertos\",\"la muerte\",\"paradigmas\",\"paradigmas medi\u00e1ticos\",\"pel\u00edculas sobre la muerte\"],\"articleSection\":[\"Art\u00edculos\",\"Paradigmas Medi\u00e1ticos\"],\"inLanguage\":\"es\"},{\"@type\":\"WebPage\",\"@id\":\"https:\\\/\\\/mediatica.fm\\\/index.php\\\/2024\\\/11\\\/08\\\/explorando-la-muerte-como-fenomeno-mediatico\\\/\",\"url\":\"https:\\\/\\\/mediatica.fm\\\/index.php\\\/2024\\\/11\\\/08\\\/explorando-la-muerte-como-fenomeno-mediatico\\\/\",\"name\":\"Explorando la muerte como fen\u00f3meno medi\u00e1tico - Medi\u00e1tica FM\",\"isPartOf\":{\"@id\":\"https:\\\/\\\/mediatica.fm\\\/#website\"},\"primaryImageOfPage\":{\"@id\":\"https:\\\/\\\/mediatica.fm\\\/index.php\\\/2024\\\/11\\\/08\\\/explorando-la-muerte-como-fenomeno-mediatico\\\/#primaryimage\"},\"image\":{\"@id\":\"https:\\\/\\\/mediatica.fm\\\/index.php\\\/2024\\\/11\\\/08\\\/explorando-la-muerte-como-fenomeno-mediatico\\\/#primaryimage\"},\"thumbnailUrl\":\"https:\\\/\\\/mediatica.fm\\\/wp-content\\\/uploads\\\/2024\\\/11\\\/selfie-death_OK.jpg\",\"datePublished\":\"2024-11-08T21:45:10+00:00\",\"dateModified\":\"2024-11-21T00:09:41+00:00\",\"description\":\"Desde el arte y la literatura hasta en el cine y la m\u00fasica, la muerte como fen\u00f3meno medi\u00e1tico ha sido un tema poderoso y lleno de misterio.\",\"breadcrumb\":{\"@id\":\"https:\\\/\\\/mediatica.fm\\\/index.php\\\/2024\\\/11\\\/08\\\/explorando-la-muerte-como-fenomeno-mediatico\\\/#breadcrumb\"},\"inLanguage\":\"es\",\"potentialAction\":[{\"@type\":\"ReadAction\",\"target\":[\"https:\\\/\\\/mediatica.fm\\\/index.php\\\/2024\\\/11\\\/08\\\/explorando-la-muerte-como-fenomeno-mediatico\\\/\"]}]},{\"@type\":\"ImageObject\",\"inLanguage\":\"es\",\"@id\":\"https:\\\/\\\/mediatica.fm\\\/index.php\\\/2024\\\/11\\\/08\\\/explorando-la-muerte-como-fenomeno-mediatico\\\/#primaryimage\",\"url\":\"https:\\\/\\\/mediatica.fm\\\/wp-content\\\/uploads\\\/2024\\\/11\\\/selfie-death_OK.jpg\",\"contentUrl\":\"https:\\\/\\\/mediatica.fm\\\/wp-content\\\/uploads\\\/2024\\\/11\\\/selfie-death_OK.jpg\",\"width\":1017,\"height\":767},{\"@type\":\"BreadcrumbList\",\"@id\":\"https:\\\/\\\/mediatica.fm\\\/index.php\\\/2024\\\/11\\\/08\\\/explorando-la-muerte-como-fenomeno-mediatico\\\/#breadcrumb\",\"itemListElement\":[{\"@type\":\"ListItem\",\"position\":1,\"name\":\"Portada\",\"item\":\"https:\\\/\\\/mediatica.fm\\\/\"},{\"@type\":\"ListItem\",\"position\":2,\"name\":\"Explorando la muerte como fen\u00f3meno medi\u00e1tico\"}]},{\"@type\":\"WebSite\",\"@id\":\"https:\\\/\\\/mediatica.fm\\\/#website\",\"url\":\"https:\\\/\\\/mediatica.fm\\\/\",\"name\":\"Medi\u00e1tica FM\",\"description\":\"Radio alternativa, menos discurso, m\u00e1s acci\u00f3n\",\"publisher\":{\"@id\":\"https:\\\/\\\/mediatica.fm\\\/#organization\"},\"potentialAction\":[{\"@type\":\"SearchAction\",\"target\":{\"@type\":\"EntryPoint\",\"urlTemplate\":\"https:\\\/\\\/mediatica.fm\\\/?s={search_term_string}\"},\"query-input\":{\"@type\":\"PropertyValueSpecification\",\"valueRequired\":true,\"valueName\":\"search_term_string\"}}],\"inLanguage\":\"es\"},{\"@type\":\"Organization\",\"@id\":\"https:\\\/\\\/mediatica.fm\\\/#organization\",\"name\":\"Medi\u00e1tica FM\",\"url\":\"https:\\\/\\\/mediatica.fm\\\/\",\"logo\":{\"@type\":\"ImageObject\",\"inLanguage\":\"es\",\"@id\":\"https:\\\/\\\/mediatica.fm\\\/#\\\/schema\\\/logo\\\/image\\\/\",\"url\":\"https:\\\/\\\/mediatica.fm\\\/wp-content\\\/uploads\\\/2023\\\/11\\\/logo-solo-blanco.fw_.png\",\"contentUrl\":\"https:\\\/\\\/mediatica.fm\\\/wp-content\\\/uploads\\\/2023\\\/11\\\/logo-solo-blanco.fw_.png\",\"width\":928,\"height\":724,\"caption\":\"Medi\u00e1tica FM\"},\"image\":{\"@id\":\"https:\\\/\\\/mediatica.fm\\\/#\\\/schema\\\/logo\\\/image\\\/\"},\"sameAs\":[\"https:\\\/\\\/www.facebook.com\\\/Mediaticafm\",\"https:\\\/\\\/x.com\\\/mediaticafm\",\"https:\\\/\\\/www.instagram.com\\\/mediatica.fm\\\/\",\"https:\\\/\\\/www.youtube.com\\\/@MediaticaFm\",\"https:\\\/\\\/www.tiktok.com\\\/@mediaticafm\"]},{\"@type\":\"Person\",\"@id\":\"https:\\\/\\\/mediatica.fm\\\/#\\\/schema\\\/person\\\/f18c1982149d378d0707d1e6bb1b7ff8\",\"name\":\"Medi\u00e1tica FM\",\"image\":{\"@type\":\"ImageObject\",\"inLanguage\":\"es\",\"@id\":\"https:\\\/\\\/secure.gravatar.com\\\/avatar\\\/f5e12d9aeb2221fbe18cc7e14955d88d0fdeb166f495d728b681f00b1df025f5?s=96&d=mm&r=g\",\"url\":\"https:\\\/\\\/secure.gravatar.com\\\/avatar\\\/f5e12d9aeb2221fbe18cc7e14955d88d0fdeb166f495d728b681f00b1df025f5?s=96&d=mm&r=g\",\"contentUrl\":\"https:\\\/\\\/secure.gravatar.com\\\/avatar\\\/f5e12d9aeb2221fbe18cc7e14955d88d0fdeb166f495d728b681f00b1df025f5?s=96&d=mm&r=g\",\"caption\":\"Medi\u00e1tica FM\"},\"sameAs\":[\"https:\\\/\\\/www.mediatica.fm\\\/\"],\"url\":\"https:\\\/\\\/mediatica.fm\\\/index.php\\\/author\\\/mediaticafm\\\/\"}]}<\/script>\n<!-- \/ Yoast SEO plugin. -->","yoast_head_json":{"title":"Explorando la muerte como fen\u00f3meno medi\u00e1tico - Medi\u00e1tica FM","description":"Desde el arte y la literatura hasta en el cine y la m\u00fasica, la muerte como fen\u00f3meno medi\u00e1tico ha sido un tema poderoso y lleno de misterio.","robots":{"index":"index","follow":"follow","max-snippet":"max-snippet:-1","max-image-preview":"max-image-preview:large","max-video-preview":"max-video-preview:-1"},"canonical":"https:\/\/mediatica.fm\/index.php\/2024\/11\/08\/explorando-la-muerte-como-fenomeno-mediatico\/","og_locale":"es_ES","og_type":"article","og_title":"Explorando la muerte como fen\u00f3meno medi\u00e1tico - Medi\u00e1tica FM","og_description":"Desde el arte y la literatura hasta en el cine y la m\u00fasica, la muerte como fen\u00f3meno medi\u00e1tico ha sido un tema poderoso y lleno de misterio.","og_url":"https:\/\/mediatica.fm\/index.php\/2024\/11\/08\/explorando-la-muerte-como-fenomeno-mediatico\/","og_site_name":"Medi\u00e1tica FM","article_publisher":"https:\/\/www.facebook.com\/Mediaticafm","article_published_time":"2024-11-08T21:45:10+00:00","article_modified_time":"2024-11-21T00:09:41+00:00","og_image":[{"width":1017,"height":767,"url":"https:\/\/mediatica.fm\/wp-content\/uploads\/2024\/11\/selfie-death_OK.jpg","type":"image\/jpeg"}],"author":"Medi\u00e1tica FM","twitter_card":"summary_large_image","twitter_creator":"@mediaticafm","twitter_site":"@mediaticafm","twitter_misc":{"Escrito por":"Medi\u00e1tica FM","Tiempo de lectura":"2 minutos"},"schema":{"@context":"https:\/\/schema.org","@graph":[{"@type":"Article","@id":"https:\/\/mediatica.fm\/index.php\/2024\/11\/08\/explorando-la-muerte-como-fenomeno-mediatico\/#article","isPartOf":{"@id":"https:\/\/mediatica.fm\/index.php\/2024\/11\/08\/explorando-la-muerte-como-fenomeno-mediatico\/"},"author":{"name":"Medi\u00e1tica FM","@id":"https:\/\/mediatica.fm\/#\/schema\/person\/f18c1982149d378d0707d1e6bb1b7ff8"},"headline":"Explorando la muerte como fen\u00f3meno medi\u00e1tico","datePublished":"2024-11-08T21:45:10+00:00","dateModified":"2024-11-21T00:09:41+00:00","mainEntityOfPage":{"@id":"https:\/\/mediatica.fm\/index.php\/2024\/11\/08\/explorando-la-muerte-como-fenomeno-mediatico\/"},"wordCount":266,"publisher":{"@id":"https:\/\/mediatica.fm\/#organization"},"image":{"@id":"https:\/\/mediatica.fm\/index.php\/2024\/11\/08\/explorando-la-muerte-como-fenomeno-mediatico\/#primaryimage"},"thumbnailUrl":"https:\/\/mediatica.fm\/wp-content\/uploads\/2024\/11\/selfie-death_OK.jpg","keywords":["canciones de muerte","d\u00eda de muertos","la muerte","paradigmas","paradigmas medi\u00e1ticos","pel\u00edculas sobre la muerte"],"articleSection":["Art\u00edculos","Paradigmas Medi\u00e1ticos"],"inLanguage":"es"},{"@type":"WebPage","@id":"https:\/\/mediatica.fm\/index.php\/2024\/11\/08\/explorando-la-muerte-como-fenomeno-mediatico\/","url":"https:\/\/mediatica.fm\/index.php\/2024\/11\/08\/explorando-la-muerte-como-fenomeno-mediatico\/","name":"Explorando la muerte como fen\u00f3meno medi\u00e1tico - Medi\u00e1tica FM","isPartOf":{"@id":"https:\/\/mediatica.fm\/#website"},"primaryImageOfPage":{"@id":"https:\/\/mediatica.fm\/index.php\/2024\/11\/08\/explorando-la-muerte-como-fenomeno-mediatico\/#primaryimage"},"image":{"@id":"https:\/\/mediatica.fm\/index.php\/2024\/11\/08\/explorando-la-muerte-como-fenomeno-mediatico\/#primaryimage"},"thumbnailUrl":"https:\/\/mediatica.fm\/wp-content\/uploads\/2024\/11\/selfie-death_OK.jpg","datePublished":"2024-11-08T21:45:10+00:00","dateModified":"2024-11-21T00:09:41+00:00","description":"Desde el arte y la literatura hasta en el cine y la m\u00fasica, la muerte como fen\u00f3meno medi\u00e1tico ha sido un tema poderoso y lleno de misterio.","breadcrumb":{"@id":"https:\/\/mediatica.fm\/index.php\/2024\/11\/08\/explorando-la-muerte-como-fenomeno-mediatico\/#breadcrumb"},"inLanguage":"es","potentialAction":[{"@type":"ReadAction","target":["https:\/\/mediatica.fm\/index.php\/2024\/11\/08\/explorando-la-muerte-como-fenomeno-mediatico\/"]}]},{"@type":"ImageObject","inLanguage":"es","@id":"https:\/\/mediatica.fm\/index.php\/2024\/11\/08\/explorando-la-muerte-como-fenomeno-mediatico\/#primaryimage","url":"https:\/\/mediatica.fm\/wp-content\/uploads\/2024\/11\/selfie-death_OK.jpg","contentUrl":"https:\/\/mediatica.fm\/wp-content\/uploads\/2024\/11\/selfie-death_OK.jpg","width":1017,"height":767},{"@type":"BreadcrumbList","@id":"https:\/\/mediatica.fm\/index.php\/2024\/11\/08\/explorando-la-muerte-como-fenomeno-mediatico\/#breadcrumb","itemListElement":[{"@type":"ListItem","position":1,"name":"Portada","item":"https:\/\/mediatica.fm\/"},{"@type":"ListItem","position":2,"name":"Explorando la muerte como fen\u00f3meno medi\u00e1tico"}]},{"@type":"WebSite","@id":"https:\/\/mediatica.fm\/#website","url":"https:\/\/mediatica.fm\/","name":"Medi\u00e1tica FM","description":"Radio alternativa, menos discurso, m\u00e1s acci\u00f3n","publisher":{"@id":"https:\/\/mediatica.fm\/#organization"},"potentialAction":[{"@type":"SearchAction","target":{"@type":"EntryPoint","urlTemplate":"https:\/\/mediatica.fm\/?s={search_term_string}"},"query-input":{"@type":"PropertyValueSpecification","valueRequired":true,"valueName":"search_term_string"}}],"inLanguage":"es"},{"@type":"Organization","@id":"https:\/\/mediatica.fm\/#organization","name":"Medi\u00e1tica FM","url":"https:\/\/mediatica.fm\/","logo":{"@type":"ImageObject","inLanguage":"es","@id":"https:\/\/mediatica.fm\/#\/schema\/logo\/image\/","url":"https:\/\/mediatica.fm\/wp-content\/uploads\/2023\/11\/logo-solo-blanco.fw_.png","contentUrl":"https:\/\/mediatica.fm\/wp-content\/uploads\/2023\/11\/logo-solo-blanco.fw_.png","width":928,"height":724,"caption":"Medi\u00e1tica FM"},"image":{"@id":"https:\/\/mediatica.fm\/#\/schema\/logo\/image\/"},"sameAs":["https:\/\/www.facebook.com\/Mediaticafm","https:\/\/x.com\/mediaticafm","https:\/\/www.instagram.com\/mediatica.fm\/","https:\/\/www.youtube.com\/@MediaticaFm","https:\/\/www.tiktok.com\/@mediaticafm"]},{"@type":"Person","@id":"https:\/\/mediatica.fm\/#\/schema\/person\/f18c1982149d378d0707d1e6bb1b7ff8","name":"Medi\u00e1tica FM","image":{"@type":"ImageObject","inLanguage":"es","@id":"https:\/\/secure.gravatar.com\/avatar\/f5e12d9aeb2221fbe18cc7e14955d88d0fdeb166f495d728b681f00b1df025f5?s=96&d=mm&r=g","url":"https:\/\/secure.gravatar.com\/avatar\/f5e12d9aeb2221fbe18cc7e14955d88d0fdeb166f495d728b681f00b1df025f5?s=96&d=mm&r=g","contentUrl":"https:\/\/secure.gravatar.com\/avatar\/f5e12d9aeb2221fbe18cc7e14955d88d0fdeb166f495d728b681f00b1df025f5?s=96&d=mm&r=g","caption":"Medi\u00e1tica FM"},"sameAs":["https:\/\/www.mediatica.fm\/"],"url":"https:\/\/mediatica.fm\/index.php\/author\/mediaticafm\/"}]}},"jetpack_featured_media_url":"https:\/\/mediatica.fm\/wp-content\/uploads\/2024\/11\/selfie-death_OK.jpg","jetpack_sharing_enabled":true,"_links":{"self":[{"href":"https:\/\/mediatica.fm\/index.php\/wp-json\/wp\/v2\/posts\/536","targetHints":{"allow":["GET"]}}],"collection":[{"href":"https:\/\/mediatica.fm\/index.php\/wp-json\/wp\/v2\/posts"}],"about":[{"href":"https:\/\/mediatica.fm\/index.php\/wp-json\/wp\/v2\/types\/post"}],"author":[{"embeddable":true,"href":"https:\/\/mediatica.fm\/index.php\/wp-json\/wp\/v2\/users\/2"}],"replies":[{"embeddable":true,"href":"https:\/\/mediatica.fm\/index.php\/wp-json\/wp\/v2\/comments?post=536"}],"version-history":[{"count":6,"href":"https:\/\/mediatica.fm\/index.php\/wp-json\/wp\/v2\/posts\/536\/revisions"}],"predecessor-version":[{"id":564,"href":"https:\/\/mediatica.fm\/index.php\/wp-json\/wp\/v2\/posts\/536\/revisions\/564"}],"wp:featuredmedia":[{"embeddable":true,"href":"https:\/\/mediatica.fm\/index.php\/wp-json\/wp\/v2\/media\/542"}],"wp:attachment":[{"href":"https:\/\/mediatica.fm\/index.php\/wp-json\/wp\/v2\/media?parent=536"}],"wp:term":[{"taxonomy":"category","embeddable":true,"href":"https:\/\/mediatica.fm\/index.php\/wp-json\/wp\/v2\/categories?post=536"},{"taxonomy":"post_tag","embeddable":true,"href":"https:\/\/mediatica.fm\/index.php\/wp-json\/wp\/v2\/tags?post=536"}],"curies":[{"name":"wp","href":"https:\/\/api.w.org\/{rel}","templated":true}]}}