{"id":524,"date":"2024-10-16T14:28:06","date_gmt":"2024-10-16T20:28:06","guid":{"rendered":"https:\/\/mediatica.fm\/?p=524"},"modified":"2024-10-16T22:27:14","modified_gmt":"2024-10-17T04:27:14","slug":"alex-van_halen_ia","status":"publish","type":"post","link":"https:\/\/mediatica.fm\/index.php\/2024\/10\/16\/alex-van_halen_ia\/","title":{"rendered":"Van Halen usar\u00e1 IA para crear solos de guitarra"},"content":{"rendered":"<p>En una reciente entrevista con <strong>Rolling Stone<\/strong>, Alex Van Halen comparti\u00f3 emocionantes revelaciones sobre su futuro musical y su legado con Van Halen. El legendario baterista est\u00e1 explorando la posibilidad de utilizar inteligencia artificial para completar material in\u00e9dito de la banda, incluyendo la creaci\u00f3n de nuevos solos de guitarra inspirados en el estilo de su fallecido hermano, Eddie Van Halen.<\/p>\n<p>Alex ha revelado que se ha acercado a <em>OpenAI<\/em>, la organizaci\u00f3n detr\u00e1s de <em>ChatGPT<\/em>, para estudiar los patrones de c\u00f3mo Eddie tocaba, con el objetivo de generar nuevos solos que mantengan viva la esencia del ic\u00f3nico guitarrista. Adem\u00e1s, ha considerado invitar a Robert Plant, vocalista de Led Zeppelin, a colaborar en este proyecto, a pesar de no haber visto al cantante en m\u00e1s de 30 a\u00f1os.<\/p>\n<p>Durante la entrevista, Van Halen tambi\u00e9n habl\u00f3 sobre su dolor tras la p\u00e9rdida de Eddie, y comparti\u00f3 algunos detalles sobre la enorme cantidad de material in\u00e9dito de la banda. Explic\u00f3 que muchas de las grabaciones son fragmentos de sesiones de improvisaci\u00f3n que se realizaron durante d\u00e9cadas, pero que a\u00fan no forman canciones completas. \u00abSon peque\u00f1as piezas\u00bb, coment\u00f3 Alex. \u00abUn mont\u00f3n de riffs no hacen una canci\u00f3n\u00bb.<\/p>\n<p>Mencion\u00f3 que en alg\u00fan momento se consider\u00f3 a Ozzy Osbourne como posible l\u00edder de una nueva versi\u00f3n de la banda, y tambi\u00e9n apunt\u00f3 a David Lee Roth como una de las razones del fracaso de la gira tributo a Van Halen.<\/p>\n<p><img fetchpriority=\"high\" decoding=\"async\" class=\"size-medium wp-image-529 alignleft\" src=\"https:\/\/mediatica.fm\/wp-content\/uploads\/2024\/10\/alex-vanhalen-brothers-200x300.png\" alt=\"\" width=\"200\" height=\"300\" srcset=\"https:\/\/mediatica.fm\/wp-content\/uploads\/2024\/10\/alex-vanhalen-brothers-200x300.png 200w, https:\/\/mediatica.fm\/wp-content\/uploads\/2024\/10\/alex-vanhalen-brothers.png 342w\" sizes=\"(max-width: 200px) 100vw, 200px\" \/>Adem\u00e1s, Alex lanzar\u00e1 su autobiograf\u00eda, <em><strong>Brothers<\/strong><\/em>, el 24 de octubre, la cual promete ser \u201cuna memoria de rock and roll como ninguna otra\u201d, seg\u00fan los editores de Harper Collins. Este libro es un homenaje al fallecido Eddie Van Halen, explorando temas como la familia, la amistad, la m\u00fasica y el profundo e insondable v\u00ednculo entre los hermanos Alex y Eddie. Tambi\u00e9n aborda la relaci\u00f3n con David Lee Roth, haciendo referencia tanto a Eddie y Dave, como a Alex y \u00abnuestro Dave\u00bb.<\/p>\n<p>El libro busca la verdad como la \u00fanica forma de justicia, afirmando que la verdadera justicia radica en la verdad misma. Sin juicio, no puede haber paz, y el juicio es inevitable. Como dice Juan 3:21: \u00abCuando las condiciones sean adecuadas, las cosas se manifestar\u00e1n\u00bb. Eso ser\u00e1 todo.<\/p>\n","protected":false},"excerpt":{"rendered":"<p>En una reciente entrevista con Rolling Stone, Alex Van Halen comparti\u00f3 emocionantes revelaciones sobre su futuro musical y su legado con Van Halen. El legendario baterista est\u00e1 explorando la posibilidad de utilizar inteligencia artificial para completar material in\u00e9dito de la banda, incluyendo la creaci\u00f3n de nuevos solos de guitarra inspirados en el estilo de su [&hellip;]<\/p>\n","protected":false},"author":2,"featured_media":525,"comment_status":"closed","ping_status":"open","sticky":false,"template":"","format":"standard","meta":{"_jetpack_memberships_contains_paid_content":false,"footnotes":""},"categories":[4],"tags":[54,52,53,51,50],"class_list":["post-524","post","type-post","status-publish","format-standard","has-post-thumbnail","hentry","category-news","tag-alex-van-halen","tag-chat-gpt","tag-eddie-van-halen","tag-inteligencia-artificial","tag-van-halen"],"yoast_head":"<!-- This site is optimized with the Yoast SEO plugin v27.4 - https:\/\/yoast.com\/product\/yoast-seo-wordpress\/ -->\n<title>Van Halen usar\u00e1 IA para crear solos de guitarra - Medi\u00e1tica FM<\/title>\n<meta name=\"description\" content=\"Alex Van Halen quiere usar Inteligencia Artificial para hacer nuevos solos de guitarra que se asemejen a los que hac\u00eda su hermano.\" \/>\n<meta name=\"robots\" content=\"index, follow, max-snippet:-1, max-image-preview:large, max-video-preview:-1\" \/>\n<link rel=\"canonical\" href=\"https:\/\/mediatica.fm\/index.php\/2024\/10\/16\/alex-van_halen_ia\/\" \/>\n<meta property=\"og:locale\" content=\"es_ES\" \/>\n<meta property=\"og:type\" content=\"article\" \/>\n<meta property=\"og:title\" content=\"Van Halen usar\u00e1 IA para crear solos de guitarra - Medi\u00e1tica FM\" \/>\n<meta property=\"og:description\" content=\"Alex Van Halen quiere usar Inteligencia Artificial para hacer nuevos solos de guitarra que se asemejen a los que hac\u00eda su hermano.\" \/>\n<meta property=\"og:url\" content=\"https:\/\/mediatica.fm\/index.php\/2024\/10\/16\/alex-van_halen_ia\/\" \/>\n<meta property=\"og:site_name\" content=\"Medi\u00e1tica FM\" \/>\n<meta property=\"article:publisher\" content=\"https:\/\/www.facebook.com\/Mediaticafm\" \/>\n<meta property=\"article:published_time\" content=\"2024-10-16T20:28:06+00:00\" \/>\n<meta property=\"article:modified_time\" content=\"2024-10-17T04:27:14+00:00\" \/>\n<meta property=\"og:image\" content=\"https:\/\/mediatica.fm\/wp-content\/uploads\/2024\/10\/van-halen-ai.jpg\" \/>\n\t<meta property=\"og:image:width\" content=\"660\" \/>\n\t<meta property=\"og:image:height\" content=\"440\" \/>\n\t<meta property=\"og:image:type\" content=\"image\/jpeg\" \/>\n<meta name=\"author\" content=\"Medi\u00e1tica FM\" \/>\n<meta name=\"twitter:card\" content=\"summary_large_image\" \/>\n<meta name=\"twitter:creator\" content=\"@mediaticafm\" \/>\n<meta name=\"twitter:site\" content=\"@mediaticafm\" \/>\n<meta name=\"twitter:label1\" content=\"Escrito por\" \/>\n\t<meta name=\"twitter:data1\" content=\"Medi\u00e1tica FM\" \/>\n\t<meta name=\"twitter:label2\" content=\"Tiempo de lectura\" \/>\n\t<meta name=\"twitter:data2\" content=\"3 minutos\" \/>\n<script type=\"application\/ld+json\" class=\"yoast-schema-graph\">{\"@context\":\"https:\\\/\\\/schema.org\",\"@graph\":[{\"@type\":\"Article\",\"@id\":\"https:\\\/\\\/mediatica.fm\\\/index.php\\\/2024\\\/10\\\/16\\\/alex-van_halen_ia\\\/#article\",\"isPartOf\":{\"@id\":\"https:\\\/\\\/mediatica.fm\\\/index.php\\\/2024\\\/10\\\/16\\\/alex-van_halen_ia\\\/\"},\"author\":{\"name\":\"Medi\u00e1tica FM\",\"@id\":\"https:\\\/\\\/mediatica.fm\\\/#\\\/schema\\\/person\\\/f18c1982149d378d0707d1e6bb1b7ff8\"},\"headline\":\"Van Halen usar\u00e1 IA para crear solos de guitarra\",\"datePublished\":\"2024-10-16T20:28:06+00:00\",\"dateModified\":\"2024-10-17T04:27:14+00:00\",\"mainEntityOfPage\":{\"@id\":\"https:\\\/\\\/mediatica.fm\\\/index.php\\\/2024\\\/10\\\/16\\\/alex-van_halen_ia\\\/\"},\"wordCount\":398,\"publisher\":{\"@id\":\"https:\\\/\\\/mediatica.fm\\\/#organization\"},\"image\":{\"@id\":\"https:\\\/\\\/mediatica.fm\\\/index.php\\\/2024\\\/10\\\/16\\\/alex-van_halen_ia\\\/#primaryimage\"},\"thumbnailUrl\":\"https:\\\/\\\/mediatica.fm\\\/wp-content\\\/uploads\\\/2024\\\/10\\\/van-halen-ai.jpg\",\"keywords\":[\"alex van halen\",\"chat gpt\",\"eddie van halen\",\"inteligencia artificial\",\"van halen\"],\"articleSection\":[\"Noticias\"],\"inLanguage\":\"es\"},{\"@type\":\"WebPage\",\"@id\":\"https:\\\/\\\/mediatica.fm\\\/index.php\\\/2024\\\/10\\\/16\\\/alex-van_halen_ia\\\/\",\"url\":\"https:\\\/\\\/mediatica.fm\\\/index.php\\\/2024\\\/10\\\/16\\\/alex-van_halen_ia\\\/\",\"name\":\"Van Halen usar\u00e1 IA para crear solos de guitarra - Medi\u00e1tica FM\",\"isPartOf\":{\"@id\":\"https:\\\/\\\/mediatica.fm\\\/#website\"},\"primaryImageOfPage\":{\"@id\":\"https:\\\/\\\/mediatica.fm\\\/index.php\\\/2024\\\/10\\\/16\\\/alex-van_halen_ia\\\/#primaryimage\"},\"image\":{\"@id\":\"https:\\\/\\\/mediatica.fm\\\/index.php\\\/2024\\\/10\\\/16\\\/alex-van_halen_ia\\\/#primaryimage\"},\"thumbnailUrl\":\"https:\\\/\\\/mediatica.fm\\\/wp-content\\\/uploads\\\/2024\\\/10\\\/van-halen-ai.jpg\",\"datePublished\":\"2024-10-16T20:28:06+00:00\",\"dateModified\":\"2024-10-17T04:27:14+00:00\",\"description\":\"Alex Van Halen quiere usar Inteligencia Artificial para hacer nuevos solos de guitarra que se asemejen a los que hac\u00eda su hermano.\",\"breadcrumb\":{\"@id\":\"https:\\\/\\\/mediatica.fm\\\/index.php\\\/2024\\\/10\\\/16\\\/alex-van_halen_ia\\\/#breadcrumb\"},\"inLanguage\":\"es\",\"potentialAction\":[{\"@type\":\"ReadAction\",\"target\":[\"https:\\\/\\\/mediatica.fm\\\/index.php\\\/2024\\\/10\\\/16\\\/alex-van_halen_ia\\\/\"]}]},{\"@type\":\"ImageObject\",\"inLanguage\":\"es\",\"@id\":\"https:\\\/\\\/mediatica.fm\\\/index.php\\\/2024\\\/10\\\/16\\\/alex-van_halen_ia\\\/#primaryimage\",\"url\":\"https:\\\/\\\/mediatica.fm\\\/wp-content\\\/uploads\\\/2024\\\/10\\\/van-halen-ai.jpg\",\"contentUrl\":\"https:\\\/\\\/mediatica.fm\\\/wp-content\\\/uploads\\\/2024\\\/10\\\/van-halen-ai.jpg\",\"width\":660,\"height\":440},{\"@type\":\"BreadcrumbList\",\"@id\":\"https:\\\/\\\/mediatica.fm\\\/index.php\\\/2024\\\/10\\\/16\\\/alex-van_halen_ia\\\/#breadcrumb\",\"itemListElement\":[{\"@type\":\"ListItem\",\"position\":1,\"name\":\"Portada\",\"item\":\"https:\\\/\\\/mediatica.fm\\\/\"},{\"@type\":\"ListItem\",\"position\":2,\"name\":\"Van Halen usar\u00e1 IA para crear solos de guitarra\"}]},{\"@type\":\"WebSite\",\"@id\":\"https:\\\/\\\/mediatica.fm\\\/#website\",\"url\":\"https:\\\/\\\/mediatica.fm\\\/\",\"name\":\"Medi\u00e1tica FM\",\"description\":\"Radio alternativa, menos discurso, m\u00e1s acci\u00f3n\",\"publisher\":{\"@id\":\"https:\\\/\\\/mediatica.fm\\\/#organization\"},\"potentialAction\":[{\"@type\":\"SearchAction\",\"target\":{\"@type\":\"EntryPoint\",\"urlTemplate\":\"https:\\\/\\\/mediatica.fm\\\/?s={search_term_string}\"},\"query-input\":{\"@type\":\"PropertyValueSpecification\",\"valueRequired\":true,\"valueName\":\"search_term_string\"}}],\"inLanguage\":\"es\"},{\"@type\":\"Organization\",\"@id\":\"https:\\\/\\\/mediatica.fm\\\/#organization\",\"name\":\"Medi\u00e1tica FM\",\"url\":\"https:\\\/\\\/mediatica.fm\\\/\",\"logo\":{\"@type\":\"ImageObject\",\"inLanguage\":\"es\",\"@id\":\"https:\\\/\\\/mediatica.fm\\\/#\\\/schema\\\/logo\\\/image\\\/\",\"url\":\"https:\\\/\\\/mediatica.fm\\\/wp-content\\\/uploads\\\/2023\\\/11\\\/logo-solo-blanco.fw_.png\",\"contentUrl\":\"https:\\\/\\\/mediatica.fm\\\/wp-content\\\/uploads\\\/2023\\\/11\\\/logo-solo-blanco.fw_.png\",\"width\":928,\"height\":724,\"caption\":\"Medi\u00e1tica FM\"},\"image\":{\"@id\":\"https:\\\/\\\/mediatica.fm\\\/#\\\/schema\\\/logo\\\/image\\\/\"},\"sameAs\":[\"https:\\\/\\\/www.facebook.com\\\/Mediaticafm\",\"https:\\\/\\\/x.com\\\/mediaticafm\",\"https:\\\/\\\/www.instagram.com\\\/mediatica.fm\\\/\",\"https:\\\/\\\/www.youtube.com\\\/@MediaticaFm\",\"https:\\\/\\\/www.tiktok.com\\\/@mediaticafm\"]},{\"@type\":\"Person\",\"@id\":\"https:\\\/\\\/mediatica.fm\\\/#\\\/schema\\\/person\\\/f18c1982149d378d0707d1e6bb1b7ff8\",\"name\":\"Medi\u00e1tica FM\",\"image\":{\"@type\":\"ImageObject\",\"inLanguage\":\"es\",\"@id\":\"https:\\\/\\\/secure.gravatar.com\\\/avatar\\\/f5e12d9aeb2221fbe18cc7e14955d88d0fdeb166f495d728b681f00b1df025f5?s=96&d=mm&r=g\",\"url\":\"https:\\\/\\\/secure.gravatar.com\\\/avatar\\\/f5e12d9aeb2221fbe18cc7e14955d88d0fdeb166f495d728b681f00b1df025f5?s=96&d=mm&r=g\",\"contentUrl\":\"https:\\\/\\\/secure.gravatar.com\\\/avatar\\\/f5e12d9aeb2221fbe18cc7e14955d88d0fdeb166f495d728b681f00b1df025f5?s=96&d=mm&r=g\",\"caption\":\"Medi\u00e1tica FM\"},\"sameAs\":[\"https:\\\/\\\/www.mediatica.fm\\\/\"],\"url\":\"https:\\\/\\\/mediatica.fm\\\/index.php\\\/author\\\/mediaticafm\\\/\"}]}<\/script>\n<!-- \/ Yoast SEO plugin. -->","yoast_head_json":{"title":"Van Halen usar\u00e1 IA para crear solos de guitarra - Medi\u00e1tica FM","description":"Alex Van Halen quiere usar Inteligencia Artificial para hacer nuevos solos de guitarra que se asemejen a los que hac\u00eda su hermano.","robots":{"index":"index","follow":"follow","max-snippet":"max-snippet:-1","max-image-preview":"max-image-preview:large","max-video-preview":"max-video-preview:-1"},"canonical":"https:\/\/mediatica.fm\/index.php\/2024\/10\/16\/alex-van_halen_ia\/","og_locale":"es_ES","og_type":"article","og_title":"Van Halen usar\u00e1 IA para crear solos de guitarra - Medi\u00e1tica FM","og_description":"Alex Van Halen quiere usar Inteligencia Artificial para hacer nuevos solos de guitarra que se asemejen a los que hac\u00eda su hermano.","og_url":"https:\/\/mediatica.fm\/index.php\/2024\/10\/16\/alex-van_halen_ia\/","og_site_name":"Medi\u00e1tica FM","article_publisher":"https:\/\/www.facebook.com\/Mediaticafm","article_published_time":"2024-10-16T20:28:06+00:00","article_modified_time":"2024-10-17T04:27:14+00:00","og_image":[{"width":660,"height":440,"url":"https:\/\/mediatica.fm\/wp-content\/uploads\/2024\/10\/van-halen-ai.jpg","type":"image\/jpeg"}],"author":"Medi\u00e1tica FM","twitter_card":"summary_large_image","twitter_creator":"@mediaticafm","twitter_site":"@mediaticafm","twitter_misc":{"Escrito por":"Medi\u00e1tica FM","Tiempo de lectura":"3 minutos"},"schema":{"@context":"https:\/\/schema.org","@graph":[{"@type":"Article","@id":"https:\/\/mediatica.fm\/index.php\/2024\/10\/16\/alex-van_halen_ia\/#article","isPartOf":{"@id":"https:\/\/mediatica.fm\/index.php\/2024\/10\/16\/alex-van_halen_ia\/"},"author":{"name":"Medi\u00e1tica FM","@id":"https:\/\/mediatica.fm\/#\/schema\/person\/f18c1982149d378d0707d1e6bb1b7ff8"},"headline":"Van Halen usar\u00e1 IA para crear solos de guitarra","datePublished":"2024-10-16T20:28:06+00:00","dateModified":"2024-10-17T04:27:14+00:00","mainEntityOfPage":{"@id":"https:\/\/mediatica.fm\/index.php\/2024\/10\/16\/alex-van_halen_ia\/"},"wordCount":398,"publisher":{"@id":"https:\/\/mediatica.fm\/#organization"},"image":{"@id":"https:\/\/mediatica.fm\/index.php\/2024\/10\/16\/alex-van_halen_ia\/#primaryimage"},"thumbnailUrl":"https:\/\/mediatica.fm\/wp-content\/uploads\/2024\/10\/van-halen-ai.jpg","keywords":["alex van halen","chat gpt","eddie van halen","inteligencia artificial","van halen"],"articleSection":["Noticias"],"inLanguage":"es"},{"@type":"WebPage","@id":"https:\/\/mediatica.fm\/index.php\/2024\/10\/16\/alex-van_halen_ia\/","url":"https:\/\/mediatica.fm\/index.php\/2024\/10\/16\/alex-van_halen_ia\/","name":"Van Halen usar\u00e1 IA para crear solos de guitarra - Medi\u00e1tica FM","isPartOf":{"@id":"https:\/\/mediatica.fm\/#website"},"primaryImageOfPage":{"@id":"https:\/\/mediatica.fm\/index.php\/2024\/10\/16\/alex-van_halen_ia\/#primaryimage"},"image":{"@id":"https:\/\/mediatica.fm\/index.php\/2024\/10\/16\/alex-van_halen_ia\/#primaryimage"},"thumbnailUrl":"https:\/\/mediatica.fm\/wp-content\/uploads\/2024\/10\/van-halen-ai.jpg","datePublished":"2024-10-16T20:28:06+00:00","dateModified":"2024-10-17T04:27:14+00:00","description":"Alex Van Halen quiere usar Inteligencia Artificial para hacer nuevos solos de guitarra que se asemejen a los que hac\u00eda su hermano.","breadcrumb":{"@id":"https:\/\/mediatica.fm\/index.php\/2024\/10\/16\/alex-van_halen_ia\/#breadcrumb"},"inLanguage":"es","potentialAction":[{"@type":"ReadAction","target":["https:\/\/mediatica.fm\/index.php\/2024\/10\/16\/alex-van_halen_ia\/"]}]},{"@type":"ImageObject","inLanguage":"es","@id":"https:\/\/mediatica.fm\/index.php\/2024\/10\/16\/alex-van_halen_ia\/#primaryimage","url":"https:\/\/mediatica.fm\/wp-content\/uploads\/2024\/10\/van-halen-ai.jpg","contentUrl":"https:\/\/mediatica.fm\/wp-content\/uploads\/2024\/10\/van-halen-ai.jpg","width":660,"height":440},{"@type":"BreadcrumbList","@id":"https:\/\/mediatica.fm\/index.php\/2024\/10\/16\/alex-van_halen_ia\/#breadcrumb","itemListElement":[{"@type":"ListItem","position":1,"name":"Portada","item":"https:\/\/mediatica.fm\/"},{"@type":"ListItem","position":2,"name":"Van Halen usar\u00e1 IA para crear solos de guitarra"}]},{"@type":"WebSite","@id":"https:\/\/mediatica.fm\/#website","url":"https:\/\/mediatica.fm\/","name":"Medi\u00e1tica FM","description":"Radio alternativa, menos discurso, m\u00e1s acci\u00f3n","publisher":{"@id":"https:\/\/mediatica.fm\/#organization"},"potentialAction":[{"@type":"SearchAction","target":{"@type":"EntryPoint","urlTemplate":"https:\/\/mediatica.fm\/?s={search_term_string}"},"query-input":{"@type":"PropertyValueSpecification","valueRequired":true,"valueName":"search_term_string"}}],"inLanguage":"es"},{"@type":"Organization","@id":"https:\/\/mediatica.fm\/#organization","name":"Medi\u00e1tica FM","url":"https:\/\/mediatica.fm\/","logo":{"@type":"ImageObject","inLanguage":"es","@id":"https:\/\/mediatica.fm\/#\/schema\/logo\/image\/","url":"https:\/\/mediatica.fm\/wp-content\/uploads\/2023\/11\/logo-solo-blanco.fw_.png","contentUrl":"https:\/\/mediatica.fm\/wp-content\/uploads\/2023\/11\/logo-solo-blanco.fw_.png","width":928,"height":724,"caption":"Medi\u00e1tica FM"},"image":{"@id":"https:\/\/mediatica.fm\/#\/schema\/logo\/image\/"},"sameAs":["https:\/\/www.facebook.com\/Mediaticafm","https:\/\/x.com\/mediaticafm","https:\/\/www.instagram.com\/mediatica.fm\/","https:\/\/www.youtube.com\/@MediaticaFm","https:\/\/www.tiktok.com\/@mediaticafm"]},{"@type":"Person","@id":"https:\/\/mediatica.fm\/#\/schema\/person\/f18c1982149d378d0707d1e6bb1b7ff8","name":"Medi\u00e1tica FM","image":{"@type":"ImageObject","inLanguage":"es","@id":"https:\/\/secure.gravatar.com\/avatar\/f5e12d9aeb2221fbe18cc7e14955d88d0fdeb166f495d728b681f00b1df025f5?s=96&d=mm&r=g","url":"https:\/\/secure.gravatar.com\/avatar\/f5e12d9aeb2221fbe18cc7e14955d88d0fdeb166f495d728b681f00b1df025f5?s=96&d=mm&r=g","contentUrl":"https:\/\/secure.gravatar.com\/avatar\/f5e12d9aeb2221fbe18cc7e14955d88d0fdeb166f495d728b681f00b1df025f5?s=96&d=mm&r=g","caption":"Medi\u00e1tica FM"},"sameAs":["https:\/\/www.mediatica.fm\/"],"url":"https:\/\/mediatica.fm\/index.php\/author\/mediaticafm\/"}]}},"jetpack_featured_media_url":"https:\/\/mediatica.fm\/wp-content\/uploads\/2024\/10\/van-halen-ai.jpg","jetpack_sharing_enabled":true,"_links":{"self":[{"href":"https:\/\/mediatica.fm\/index.php\/wp-json\/wp\/v2\/posts\/524","targetHints":{"allow":["GET"]}}],"collection":[{"href":"https:\/\/mediatica.fm\/index.php\/wp-json\/wp\/v2\/posts"}],"about":[{"href":"https:\/\/mediatica.fm\/index.php\/wp-json\/wp\/v2\/types\/post"}],"author":[{"embeddable":true,"href":"https:\/\/mediatica.fm\/index.php\/wp-json\/wp\/v2\/users\/2"}],"replies":[{"embeddable":true,"href":"https:\/\/mediatica.fm\/index.php\/wp-json\/wp\/v2\/comments?post=524"}],"version-history":[{"count":4,"href":"https:\/\/mediatica.fm\/index.php\/wp-json\/wp\/v2\/posts\/524\/revisions"}],"predecessor-version":[{"id":530,"href":"https:\/\/mediatica.fm\/index.php\/wp-json\/wp\/v2\/posts\/524\/revisions\/530"}],"wp:featuredmedia":[{"embeddable":true,"href":"https:\/\/mediatica.fm\/index.php\/wp-json\/wp\/v2\/media\/525"}],"wp:attachment":[{"href":"https:\/\/mediatica.fm\/index.php\/wp-json\/wp\/v2\/media?parent=524"}],"wp:term":[{"taxonomy":"category","embeddable":true,"href":"https:\/\/mediatica.fm\/index.php\/wp-json\/wp\/v2\/categories?post=524"},{"taxonomy":"post_tag","embeddable":true,"href":"https:\/\/mediatica.fm\/index.php\/wp-json\/wp\/v2\/tags?post=524"}],"curies":[{"name":"wp","href":"https:\/\/api.w.org\/{rel}","templated":true}]}}