{"id":479,"date":"2024-09-06T13:38:27","date_gmt":"2024-09-06T19:38:27","guid":{"rendered":"https:\/\/mediatica.fm\/?p=479"},"modified":"2024-11-20T18:06:40","modified_gmt":"2024-11-21T00:06:40","slug":"linkin-park-renace-con-nueva-vocalista","status":"publish","type":"post","link":"https:\/\/mediatica.fm\/index.php\/2024\/09\/06\/linkin-park-renace-con-nueva-vocalista\/","title":{"rendered":"Linkin Park renace con nueva vocalista"},"content":{"rendered":"<p><span style=\"color: #ffffff;\">Despu\u00e9s de 7 a\u00f1os de la muerte de Chester Benington, Linkin Park presenta nueva vocalista, a pesar de que parec\u00eda que estaba destinada a desaparecer porque la voz peculiar de Chester Benington era totalmente irremplazable.<\/span><\/p>\n<p><span style=\"color: #ffffff;\">Pero despu\u00e9s de presentaciones en tributo a Chester y proyectos por parte de<span style=\"color: #ffcc00;\"> Mike Shinoda,<\/span> parec\u00eda que la llama continuaba, as\u00ed que el pasado 5 de septiembre, en un concierto transmitido en Livestream, conocimos a la nueva vocalista, <span style=\"color: #ffcc00;\">Emily Armstrong<\/span>.<\/span><\/p>\n<p><span style=\"color: #ffffff;\">Armstrong, proveniente de la banda <span style=\"color: #ffcc00;\"><em>Dead Sara<\/em><\/span>, hizo su aparici\u00f3n en vivo la noche del 5 de septiembre. La mayor\u00eda le dio la bienvenida por sus excepcionales interpretaciones de las canciones cl\u00e1sicas, pero tambi\u00e9n hubo quienes de plano siguen sin aceptar que la banda sigui\u00f3 adelante sin Chester Benington.<\/span><\/p>\n<p><span style=\"color: #ffffff;\">En una entrevista previa al concierto en donde se dio a conocer a la nueva vocalista, Mike Shinoda fue quien coment\u00f3 que fue hasta que escuch\u00f3 a Emily cuando finalmente acept\u00f3 que ser\u00eda la vocalista oficial.<\/span><\/p>\n<p><span style=\"color: #ffffff;\">El \u00fanico que no quiso continuar con el legado y la evoluci\u00f3n de la banda californiana, fue Rob Bourdon, quien fuera el baterista desde sus inicios.<\/span><\/p>\n<p><span style=\"color: #ffffff;\">A continuaci\u00f3n, puedes ver el concierto llamado <span style=\"color: #ffcc00;\"><em>From Zero<\/em><\/span>, (el cual ser\u00e1 el nombre del nuevo \u00e1lbum), en donde puedes checar los \u00e9xitos como Crawling, Numb, One Step Closer, (\u00e9ste \u00faltimo con el que Emily encaja perfectamente).<\/span><\/p>\n<p><span style=\"color: #ffffff;\">Buen regreso de Linkin Park.<\/span><\/p>\n<p><iframe title=\"Linkin Park: FROM ZERO (Livestream)\" width=\"1170\" height=\"658\" src=\"https:\/\/www.youtube.com\/embed\/IL1nlWOciL0?start=992&#038;feature=oembed\" frameborder=\"0\" allow=\"accelerometer; autoplay; clipboard-write; encrypted-media; gyroscope; picture-in-picture; web-share\" referrerpolicy=\"strict-origin-when-cross-origin\" allowfullscreen><\/iframe><\/p>\n","protected":false},"excerpt":{"rendered":"<p>Despu\u00e9s de 7 a\u00f1os de la muerte de Chester Benington, Linkin Park presenta nueva vocalista, a pesar de que parec\u00eda que estaba destinada a desaparecer porque la voz peculiar de Chester Benington era totalmente irremplazable. Pero despu\u00e9s de presentaciones en tributo a Chester y proyectos por parte de Mike Shinoda, parec\u00eda que la llama continuaba, [&hellip;]<\/p>\n","protected":false},"author":1,"featured_media":482,"comment_status":"closed","ping_status":"open","sticky":false,"template":"","format":"standard","meta":{"_jetpack_memberships_contains_paid_content":false,"footnotes":""},"categories":[4],"tags":[44,43,42,45],"class_list":["post-479","post","type-post","status-publish","format-standard","has-post-thumbnail","hentry","category-news","tag-chester-benington","tag-emily-armstrong","tag-linkin-park","tag-mike-shinoda"],"yoast_head":"<!-- This site is optimized with the Yoast SEO plugin v27.4 - https:\/\/yoast.com\/product\/yoast-seo-wordpress\/ -->\n<title>Linkin Park renace con nueva vocalista - Medi\u00e1tica FM<\/title>\n<meta name=\"description\" content=\"Despu\u00e9s de 7 a\u00f1os de la muerte de Chester Benington, Linkin Park presenta nueva vocalista, a pesar de que parec\u00eda que estaba destinada a desaparecer porque la voz peculiar de Chester Benington era totalmente irremplazable.\" \/>\n<meta name=\"robots\" content=\"index, follow, max-snippet:-1, max-image-preview:large, max-video-preview:-1\" \/>\n<link rel=\"canonical\" href=\"https:\/\/mediatica.fm\/index.php\/2024\/09\/06\/linkin-park-renace-con-nueva-vocalista\/\" \/>\n<meta property=\"og:locale\" content=\"es_ES\" \/>\n<meta property=\"og:type\" content=\"article\" \/>\n<meta property=\"og:title\" content=\"Linkin Park renace con nueva vocalista - Medi\u00e1tica FM\" \/>\n<meta property=\"og:description\" content=\"Despu\u00e9s de 7 a\u00f1os de la muerte de Chester Benington, Linkin Park presenta nueva vocalista, a pesar de que parec\u00eda que estaba destinada a desaparecer porque la voz peculiar de Chester Benington era totalmente irremplazable.\" \/>\n<meta property=\"og:url\" content=\"https:\/\/mediatica.fm\/index.php\/2024\/09\/06\/linkin-park-renace-con-nueva-vocalista\/\" \/>\n<meta property=\"og:site_name\" content=\"Medi\u00e1tica FM\" \/>\n<meta property=\"article:publisher\" content=\"https:\/\/www.facebook.com\/Mediaticafm\" \/>\n<meta property=\"article:published_time\" content=\"2024-09-06T19:38:27+00:00\" \/>\n<meta property=\"article:modified_time\" content=\"2024-11-21T00:06:40+00:00\" \/>\n<meta property=\"og:image\" content=\"https:\/\/mediatica.fm\/wp-content\/uploads\/2024\/09\/linkin_park_emily-armstrong.jpg\" \/>\n\t<meta property=\"og:image:width\" content=\"977\" \/>\n\t<meta property=\"og:image:height\" content=\"519\" \/>\n\t<meta property=\"og:image:type\" content=\"image\/jpeg\" \/>\n<meta name=\"author\" content=\"Pedro Rosvill\" \/>\n<meta name=\"twitter:card\" content=\"summary_large_image\" \/>\n<meta name=\"twitter:creator\" content=\"@mediaticafm\" \/>\n<meta name=\"twitter:site\" content=\"@mediaticafm\" \/>\n<meta name=\"twitter:label1\" content=\"Escrito por\" \/>\n\t<meta name=\"twitter:data1\" content=\"Pedro Rosvill\" \/>\n\t<meta name=\"twitter:label2\" content=\"Tiempo de lectura\" \/>\n\t<meta name=\"twitter:data2\" content=\"2 minutos\" \/>\n<script type=\"application\/ld+json\" class=\"yoast-schema-graph\">{\"@context\":\"https:\\\/\\\/schema.org\",\"@graph\":[{\"@type\":\"Article\",\"@id\":\"https:\\\/\\\/mediatica.fm\\\/index.php\\\/2024\\\/09\\\/06\\\/linkin-park-renace-con-nueva-vocalista\\\/#article\",\"isPartOf\":{\"@id\":\"https:\\\/\\\/mediatica.fm\\\/index.php\\\/2024\\\/09\\\/06\\\/linkin-park-renace-con-nueva-vocalista\\\/\"},\"author\":{\"name\":\"Pedro Rosvill\",\"@id\":\"https:\\\/\\\/mediatica.fm\\\/#\\\/schema\\\/person\\\/439d28dcaaad4f6f23b58843caaae175\"},\"headline\":\"Linkin Park renace con nueva vocalista\",\"datePublished\":\"2024-09-06T19:38:27+00:00\",\"dateModified\":\"2024-11-21T00:06:40+00:00\",\"mainEntityOfPage\":{\"@id\":\"https:\\\/\\\/mediatica.fm\\\/index.php\\\/2024\\\/09\\\/06\\\/linkin-park-renace-con-nueva-vocalista\\\/\"},\"wordCount\":255,\"publisher\":{\"@id\":\"https:\\\/\\\/mediatica.fm\\\/#organization\"},\"image\":{\"@id\":\"https:\\\/\\\/mediatica.fm\\\/index.php\\\/2024\\\/09\\\/06\\\/linkin-park-renace-con-nueva-vocalista\\\/#primaryimage\"},\"thumbnailUrl\":\"https:\\\/\\\/mediatica.fm\\\/wp-content\\\/uploads\\\/2024\\\/09\\\/linkin_park_emily-armstrong.jpg\",\"keywords\":[\"chester benington\",\"emily armstrong\",\"linkin park\",\"mike shinoda\"],\"articleSection\":[\"Noticias\"],\"inLanguage\":\"es\"},{\"@type\":\"WebPage\",\"@id\":\"https:\\\/\\\/mediatica.fm\\\/index.php\\\/2024\\\/09\\\/06\\\/linkin-park-renace-con-nueva-vocalista\\\/\",\"url\":\"https:\\\/\\\/mediatica.fm\\\/index.php\\\/2024\\\/09\\\/06\\\/linkin-park-renace-con-nueva-vocalista\\\/\",\"name\":\"Linkin Park renace con nueva vocalista - Medi\u00e1tica FM\",\"isPartOf\":{\"@id\":\"https:\\\/\\\/mediatica.fm\\\/#website\"},\"primaryImageOfPage\":{\"@id\":\"https:\\\/\\\/mediatica.fm\\\/index.php\\\/2024\\\/09\\\/06\\\/linkin-park-renace-con-nueva-vocalista\\\/#primaryimage\"},\"image\":{\"@id\":\"https:\\\/\\\/mediatica.fm\\\/index.php\\\/2024\\\/09\\\/06\\\/linkin-park-renace-con-nueva-vocalista\\\/#primaryimage\"},\"thumbnailUrl\":\"https:\\\/\\\/mediatica.fm\\\/wp-content\\\/uploads\\\/2024\\\/09\\\/linkin_park_emily-armstrong.jpg\",\"datePublished\":\"2024-09-06T19:38:27+00:00\",\"dateModified\":\"2024-11-21T00:06:40+00:00\",\"description\":\"Despu\u00e9s de 7 a\u00f1os de la muerte de Chester Benington, Linkin Park presenta nueva vocalista, a pesar de que parec\u00eda que estaba destinada a desaparecer porque la voz peculiar de Chester Benington era totalmente irremplazable.\",\"breadcrumb\":{\"@id\":\"https:\\\/\\\/mediatica.fm\\\/index.php\\\/2024\\\/09\\\/06\\\/linkin-park-renace-con-nueva-vocalista\\\/#breadcrumb\"},\"inLanguage\":\"es\",\"potentialAction\":[{\"@type\":\"ReadAction\",\"target\":[\"https:\\\/\\\/mediatica.fm\\\/index.php\\\/2024\\\/09\\\/06\\\/linkin-park-renace-con-nueva-vocalista\\\/\"]}]},{\"@type\":\"ImageObject\",\"inLanguage\":\"es\",\"@id\":\"https:\\\/\\\/mediatica.fm\\\/index.php\\\/2024\\\/09\\\/06\\\/linkin-park-renace-con-nueva-vocalista\\\/#primaryimage\",\"url\":\"https:\\\/\\\/mediatica.fm\\\/wp-content\\\/uploads\\\/2024\\\/09\\\/linkin_park_emily-armstrong.jpg\",\"contentUrl\":\"https:\\\/\\\/mediatica.fm\\\/wp-content\\\/uploads\\\/2024\\\/09\\\/linkin_park_emily-armstrong.jpg\",\"width\":977,\"height\":519},{\"@type\":\"BreadcrumbList\",\"@id\":\"https:\\\/\\\/mediatica.fm\\\/index.php\\\/2024\\\/09\\\/06\\\/linkin-park-renace-con-nueva-vocalista\\\/#breadcrumb\",\"itemListElement\":[{\"@type\":\"ListItem\",\"position\":1,\"name\":\"Portada\",\"item\":\"https:\\\/\\\/mediatica.fm\\\/\"},{\"@type\":\"ListItem\",\"position\":2,\"name\":\"Linkin Park renace con nueva vocalista\"}]},{\"@type\":\"WebSite\",\"@id\":\"https:\\\/\\\/mediatica.fm\\\/#website\",\"url\":\"https:\\\/\\\/mediatica.fm\\\/\",\"name\":\"Medi\u00e1tica FM\",\"description\":\"Radio alternativa, menos discurso, m\u00e1s acci\u00f3n\",\"publisher\":{\"@id\":\"https:\\\/\\\/mediatica.fm\\\/#organization\"},\"potentialAction\":[{\"@type\":\"SearchAction\",\"target\":{\"@type\":\"EntryPoint\",\"urlTemplate\":\"https:\\\/\\\/mediatica.fm\\\/?s={search_term_string}\"},\"query-input\":{\"@type\":\"PropertyValueSpecification\",\"valueRequired\":true,\"valueName\":\"search_term_string\"}}],\"inLanguage\":\"es\"},{\"@type\":\"Organization\",\"@id\":\"https:\\\/\\\/mediatica.fm\\\/#organization\",\"name\":\"Medi\u00e1tica FM\",\"url\":\"https:\\\/\\\/mediatica.fm\\\/\",\"logo\":{\"@type\":\"ImageObject\",\"inLanguage\":\"es\",\"@id\":\"https:\\\/\\\/mediatica.fm\\\/#\\\/schema\\\/logo\\\/image\\\/\",\"url\":\"https:\\\/\\\/mediatica.fm\\\/wp-content\\\/uploads\\\/2023\\\/11\\\/logo-solo-blanco.fw_.png\",\"contentUrl\":\"https:\\\/\\\/mediatica.fm\\\/wp-content\\\/uploads\\\/2023\\\/11\\\/logo-solo-blanco.fw_.png\",\"width\":928,\"height\":724,\"caption\":\"Medi\u00e1tica FM\"},\"image\":{\"@id\":\"https:\\\/\\\/mediatica.fm\\\/#\\\/schema\\\/logo\\\/image\\\/\"},\"sameAs\":[\"https:\\\/\\\/www.facebook.com\\\/Mediaticafm\",\"https:\\\/\\\/x.com\\\/mediaticafm\",\"https:\\\/\\\/www.instagram.com\\\/mediatica.fm\\\/\",\"https:\\\/\\\/www.youtube.com\\\/@MediaticaFm\",\"https:\\\/\\\/www.tiktok.com\\\/@mediaticafm\"]},{\"@type\":\"Person\",\"@id\":\"https:\\\/\\\/mediatica.fm\\\/#\\\/schema\\\/person\\\/439d28dcaaad4f6f23b58843caaae175\",\"name\":\"Pedro Rosvill\",\"image\":{\"@type\":\"ImageObject\",\"inLanguage\":\"es\",\"@id\":\"https:\\\/\\\/secure.gravatar.com\\\/avatar\\\/09daa96b68093a8246b2d32ef3211f837eafd2a0642a76ac723a29128828ff39?s=96&d=mm&r=g\",\"url\":\"https:\\\/\\\/secure.gravatar.com\\\/avatar\\\/09daa96b68093a8246b2d32ef3211f837eafd2a0642a76ac723a29128828ff39?s=96&d=mm&r=g\",\"contentUrl\":\"https:\\\/\\\/secure.gravatar.com\\\/avatar\\\/09daa96b68093a8246b2d32ef3211f837eafd2a0642a76ac723a29128828ff39?s=96&d=mm&r=g\",\"caption\":\"Pedro Rosvill\"},\"sameAs\":[\"https:\\\/\\\/mediatica.fm\"],\"url\":\"https:\\\/\\\/mediatica.fm\\\/index.php\\\/author\\\/rosvill\\\/\"}]}<\/script>\n<!-- \/ Yoast SEO plugin. -->","yoast_head_json":{"title":"Linkin Park renace con nueva vocalista - Medi\u00e1tica FM","description":"Despu\u00e9s de 7 a\u00f1os de la muerte de Chester Benington, Linkin Park presenta nueva vocalista, a pesar de que parec\u00eda que estaba destinada a desaparecer porque la voz peculiar de Chester Benington era totalmente irremplazable.","robots":{"index":"index","follow":"follow","max-snippet":"max-snippet:-1","max-image-preview":"max-image-preview:large","max-video-preview":"max-video-preview:-1"},"canonical":"https:\/\/mediatica.fm\/index.php\/2024\/09\/06\/linkin-park-renace-con-nueva-vocalista\/","og_locale":"es_ES","og_type":"article","og_title":"Linkin Park renace con nueva vocalista - Medi\u00e1tica FM","og_description":"Despu\u00e9s de 7 a\u00f1os de la muerte de Chester Benington, Linkin Park presenta nueva vocalista, a pesar de que parec\u00eda que estaba destinada a desaparecer porque la voz peculiar de Chester Benington era totalmente irremplazable.","og_url":"https:\/\/mediatica.fm\/index.php\/2024\/09\/06\/linkin-park-renace-con-nueva-vocalista\/","og_site_name":"Medi\u00e1tica FM","article_publisher":"https:\/\/www.facebook.com\/Mediaticafm","article_published_time":"2024-09-06T19:38:27+00:00","article_modified_time":"2024-11-21T00:06:40+00:00","og_image":[{"width":977,"height":519,"url":"https:\/\/mediatica.fm\/wp-content\/uploads\/2024\/09\/linkin_park_emily-armstrong.jpg","type":"image\/jpeg"}],"author":"Pedro Rosvill","twitter_card":"summary_large_image","twitter_creator":"@mediaticafm","twitter_site":"@mediaticafm","twitter_misc":{"Escrito por":"Pedro Rosvill","Tiempo de lectura":"2 minutos"},"schema":{"@context":"https:\/\/schema.org","@graph":[{"@type":"Article","@id":"https:\/\/mediatica.fm\/index.php\/2024\/09\/06\/linkin-park-renace-con-nueva-vocalista\/#article","isPartOf":{"@id":"https:\/\/mediatica.fm\/index.php\/2024\/09\/06\/linkin-park-renace-con-nueva-vocalista\/"},"author":{"name":"Pedro Rosvill","@id":"https:\/\/mediatica.fm\/#\/schema\/person\/439d28dcaaad4f6f23b58843caaae175"},"headline":"Linkin Park renace con nueva vocalista","datePublished":"2024-09-06T19:38:27+00:00","dateModified":"2024-11-21T00:06:40+00:00","mainEntityOfPage":{"@id":"https:\/\/mediatica.fm\/index.php\/2024\/09\/06\/linkin-park-renace-con-nueva-vocalista\/"},"wordCount":255,"publisher":{"@id":"https:\/\/mediatica.fm\/#organization"},"image":{"@id":"https:\/\/mediatica.fm\/index.php\/2024\/09\/06\/linkin-park-renace-con-nueva-vocalista\/#primaryimage"},"thumbnailUrl":"https:\/\/mediatica.fm\/wp-content\/uploads\/2024\/09\/linkin_park_emily-armstrong.jpg","keywords":["chester benington","emily armstrong","linkin park","mike shinoda"],"articleSection":["Noticias"],"inLanguage":"es"},{"@type":"WebPage","@id":"https:\/\/mediatica.fm\/index.php\/2024\/09\/06\/linkin-park-renace-con-nueva-vocalista\/","url":"https:\/\/mediatica.fm\/index.php\/2024\/09\/06\/linkin-park-renace-con-nueva-vocalista\/","name":"Linkin Park renace con nueva vocalista - Medi\u00e1tica FM","isPartOf":{"@id":"https:\/\/mediatica.fm\/#website"},"primaryImageOfPage":{"@id":"https:\/\/mediatica.fm\/index.php\/2024\/09\/06\/linkin-park-renace-con-nueva-vocalista\/#primaryimage"},"image":{"@id":"https:\/\/mediatica.fm\/index.php\/2024\/09\/06\/linkin-park-renace-con-nueva-vocalista\/#primaryimage"},"thumbnailUrl":"https:\/\/mediatica.fm\/wp-content\/uploads\/2024\/09\/linkin_park_emily-armstrong.jpg","datePublished":"2024-09-06T19:38:27+00:00","dateModified":"2024-11-21T00:06:40+00:00","description":"Despu\u00e9s de 7 a\u00f1os de la muerte de Chester Benington, Linkin Park presenta nueva vocalista, a pesar de que parec\u00eda que estaba destinada a desaparecer porque la voz peculiar de Chester Benington era totalmente irremplazable.","breadcrumb":{"@id":"https:\/\/mediatica.fm\/index.php\/2024\/09\/06\/linkin-park-renace-con-nueva-vocalista\/#breadcrumb"},"inLanguage":"es","potentialAction":[{"@type":"ReadAction","target":["https:\/\/mediatica.fm\/index.php\/2024\/09\/06\/linkin-park-renace-con-nueva-vocalista\/"]}]},{"@type":"ImageObject","inLanguage":"es","@id":"https:\/\/mediatica.fm\/index.php\/2024\/09\/06\/linkin-park-renace-con-nueva-vocalista\/#primaryimage","url":"https:\/\/mediatica.fm\/wp-content\/uploads\/2024\/09\/linkin_park_emily-armstrong.jpg","contentUrl":"https:\/\/mediatica.fm\/wp-content\/uploads\/2024\/09\/linkin_park_emily-armstrong.jpg","width":977,"height":519},{"@type":"BreadcrumbList","@id":"https:\/\/mediatica.fm\/index.php\/2024\/09\/06\/linkin-park-renace-con-nueva-vocalista\/#breadcrumb","itemListElement":[{"@type":"ListItem","position":1,"name":"Portada","item":"https:\/\/mediatica.fm\/"},{"@type":"ListItem","position":2,"name":"Linkin Park renace con nueva vocalista"}]},{"@type":"WebSite","@id":"https:\/\/mediatica.fm\/#website","url":"https:\/\/mediatica.fm\/","name":"Medi\u00e1tica FM","description":"Radio alternativa, menos discurso, m\u00e1s acci\u00f3n","publisher":{"@id":"https:\/\/mediatica.fm\/#organization"},"potentialAction":[{"@type":"SearchAction","target":{"@type":"EntryPoint","urlTemplate":"https:\/\/mediatica.fm\/?s={search_term_string}"},"query-input":{"@type":"PropertyValueSpecification","valueRequired":true,"valueName":"search_term_string"}}],"inLanguage":"es"},{"@type":"Organization","@id":"https:\/\/mediatica.fm\/#organization","name":"Medi\u00e1tica FM","url":"https:\/\/mediatica.fm\/","logo":{"@type":"ImageObject","inLanguage":"es","@id":"https:\/\/mediatica.fm\/#\/schema\/logo\/image\/","url":"https:\/\/mediatica.fm\/wp-content\/uploads\/2023\/11\/logo-solo-blanco.fw_.png","contentUrl":"https:\/\/mediatica.fm\/wp-content\/uploads\/2023\/11\/logo-solo-blanco.fw_.png","width":928,"height":724,"caption":"Medi\u00e1tica FM"},"image":{"@id":"https:\/\/mediatica.fm\/#\/schema\/logo\/image\/"},"sameAs":["https:\/\/www.facebook.com\/Mediaticafm","https:\/\/x.com\/mediaticafm","https:\/\/www.instagram.com\/mediatica.fm\/","https:\/\/www.youtube.com\/@MediaticaFm","https:\/\/www.tiktok.com\/@mediaticafm"]},{"@type":"Person","@id":"https:\/\/mediatica.fm\/#\/schema\/person\/439d28dcaaad4f6f23b58843caaae175","name":"Pedro Rosvill","image":{"@type":"ImageObject","inLanguage":"es","@id":"https:\/\/secure.gravatar.com\/avatar\/09daa96b68093a8246b2d32ef3211f837eafd2a0642a76ac723a29128828ff39?s=96&d=mm&r=g","url":"https:\/\/secure.gravatar.com\/avatar\/09daa96b68093a8246b2d32ef3211f837eafd2a0642a76ac723a29128828ff39?s=96&d=mm&r=g","contentUrl":"https:\/\/secure.gravatar.com\/avatar\/09daa96b68093a8246b2d32ef3211f837eafd2a0642a76ac723a29128828ff39?s=96&d=mm&r=g","caption":"Pedro Rosvill"},"sameAs":["https:\/\/mediatica.fm"],"url":"https:\/\/mediatica.fm\/index.php\/author\/rosvill\/"}]}},"jetpack_featured_media_url":"https:\/\/mediatica.fm\/wp-content\/uploads\/2024\/09\/linkin_park_emily-armstrong.jpg","jetpack_sharing_enabled":true,"_links":{"self":[{"href":"https:\/\/mediatica.fm\/index.php\/wp-json\/wp\/v2\/posts\/479","targetHints":{"allow":["GET"]}}],"collection":[{"href":"https:\/\/mediatica.fm\/index.php\/wp-json\/wp\/v2\/posts"}],"about":[{"href":"https:\/\/mediatica.fm\/index.php\/wp-json\/wp\/v2\/types\/post"}],"author":[{"embeddable":true,"href":"https:\/\/mediatica.fm\/index.php\/wp-json\/wp\/v2\/users\/1"}],"replies":[{"embeddable":true,"href":"https:\/\/mediatica.fm\/index.php\/wp-json\/wp\/v2\/comments?post=479"}],"version-history":[{"count":5,"href":"https:\/\/mediatica.fm\/index.php\/wp-json\/wp\/v2\/posts\/479\/revisions"}],"predecessor-version":[{"id":561,"href":"https:\/\/mediatica.fm\/index.php\/wp-json\/wp\/v2\/posts\/479\/revisions\/561"}],"wp:featuredmedia":[{"embeddable":true,"href":"https:\/\/mediatica.fm\/index.php\/wp-json\/wp\/v2\/media\/482"}],"wp:attachment":[{"href":"https:\/\/mediatica.fm\/index.php\/wp-json\/wp\/v2\/media?parent=479"}],"wp:term":[{"taxonomy":"category","embeddable":true,"href":"https:\/\/mediatica.fm\/index.php\/wp-json\/wp\/v2\/categories?post=479"},{"taxonomy":"post_tag","embeddable":true,"href":"https:\/\/mediatica.fm\/index.php\/wp-json\/wp\/v2\/tags?post=479"}],"curies":[{"name":"wp","href":"https:\/\/api.w.org\/{rel}","templated":true}]}}