{"id":271,"date":"2024-07-26T15:59:25","date_gmt":"2024-07-26T21:59:25","guid":{"rendered":"https:\/\/mediatica.fm\/?p=271"},"modified":"2024-07-26T15:59:25","modified_gmt":"2024-07-26T21:59:25","slug":"gojira-hizo-historia-en-la-apertura-de-los-juegos-olimpicos-de-paris-2024","status":"publish","type":"post","link":"https:\/\/mediatica.fm\/index.php\/2024\/07\/26\/gojira-hizo-historia-en-la-apertura-de-los-juegos-olimpicos-de-paris-2024\/","title":{"rendered":"Gojira, hizo historia en la apertura de los juegos ol\u00edmpicos de Par\u00eds 2024"},"content":{"rendered":"<p>\u00a1Aunque los atletas competir\u00e1n por el oro en las pr\u00f3ximas dos semanas, un tipo muy diferente de metal se rob\u00f3 el show el viernes.<\/p>\n<p>Entre las actuaciones de \u00abLos Miserables\u00bb y \u00abCarmen\u00bb, la banda francesa de heavy metal, <em><strong>Gojira<\/strong><\/em>, hizo una entrada espectacular en la ceremonia de apertura de los Juegos Ol\u00edmpicos, dejando a todos boquiabiertos.<\/p>\n<p>Con una bienvenida de una <strong>Mar\u00eda Antonieta<\/strong> decapitada, <strong>Gojira<\/strong> se present\u00f3 en la hist\u00f3rica Conciergerie junto al r\u00edo Sena, acompa\u00f1ados por la talentosa cantante <strong>Marina Viotti.<\/strong><\/p>\n<p>Gojira, formado por Joe Duplantier, Mario Duplantier, Christian Andreu y Jean-Michel Labadie, originalmente se llamaba <strong><em>Godzilla<\/em> <\/strong>hasta 2001, inspirado en el famoso monstruo <em>kaiju<\/em>. Han sido nominados a tres premios Grammy y lanzaron su \u00faltimo \u00e1lbum, \u00abFortitude\u00bb, en 2021.<\/p>\n<p>La Conciergerie, una antigua residencia real que se convirti\u00f3 en prisi\u00f3n durante la Revoluci\u00f3n Francesa, fue el escenario perfecto para la poderosa actuaci\u00f3n de Gojira. Mar\u00eda Antonieta, una de sus prisioneras m\u00e1s famosas, parec\u00eda casi escuchar desde su celda.<\/p>\n<p>Gojira es famoso por su mezcla de metal progresivo y groove. Su colaboraci\u00f3n con <strong>Marina Viotti<\/strong>, una cantante de \u00f3pera que ha experimentado con jazz, gospel y heavy metal, fue uno de los momentos m\u00e1s impresionantes del evento.<\/p>\n<p>Adem\u00e1s de Gojira, la ceremonia cont\u00f3 con actuaciones de C\u00e9line Dion, Lady Gaga y Aya Nakamura. Todo esto bajo la direcci\u00f3n del aclamado director de escena Thomas Jolly, quien reuni\u00f3 a un elenco estelar de artistas locales e internacionales para celebrar la rica cultura musical francesa.<\/p>\n<p>Este hist\u00f3rico evento marcar\u00e1 a Gojira como la primera banda de metal en inaugurar unos Juegos Ol\u00edmpicos. El sitio <em><strong>Metal Hammer<\/strong><\/em> los nombr\u00f3 \u00abla banda m\u00e1s importante del metal\u00bb en 2016, y su \u00e1lbum \u00abFortitude\u00bb debut\u00f3 en el n\u00famero 1 en varias listas de Billboard y alcanz\u00f3 las primeras posiciones a nivel mundial.<\/p>\n<p>Gojira no solo sacude escenarios, tambi\u00e9n hacen un impacto positivo en el mundo. Han recaudado m\u00e1s de $300,000 para apoyar a la ONG ind\u00edgena APIB, que lucha por los derechos ambientales y culturales de las tribus en la Amazon\u00eda.<\/p>\n<p>Su \u00faltimo \u00e1lbum, \u00abFortitude\u00bb, producido por Joseph Duplantier y mezclado por Andy Wallace, es un llamado a la humanidad para imaginar y crear un mundo mejor. Este disco ha recibido elogios de cr\u00edticos de Rolling Stone, NPR, Paste, Stereogum y Revolver por su innovaci\u00f3n y vitalidad.<\/p>\n<p>As\u00ed que, si no los conoc\u00edas, es el momento perfecto para sumergirse en la m\u00fasica de Gojira y descubrir por qu\u00e9 est\u00e1n marcando un antes y un despu\u00e9s en la historia del metal.<\/p>\n<blockquote class=\"twitter-tweet\" data-media-max-width=\"560\">\n<p dir=\"ltr\" lang=\"es\">Lo mejor de la ceremonia de inauguraci\u00f3n en <a href=\"https:\/\/twitter.com\/hashtag\/Paris2024?src=hash&amp;ref_src=twsrc%5Etfw\">#Paris2024<\/a> sin duda alguna fue la presentaci\u00f3n de Gojira <a href=\"https:\/\/twitter.com\/hashtag\/Gojira?src=hash&amp;ref_src=twsrc%5Etfw\">#Gojira<\/a> <a href=\"https:\/\/twitter.com\/hashtag\/OpeningCeremony?src=hash&amp;ref_src=twsrc%5Etfw\">#OpeningCeremony<\/a> <a href=\"https:\/\/t.co\/eBtaBchrGu\">pic.twitter.com\/eBtaBchrGu<\/a><\/p>\n<p>\u2014 Theslayer360 (@Theslayer360) <a href=\"https:\/\/twitter.com\/Theslayer360\/status\/1816905407568191669?ref_src=twsrc%5Etfw\">July 26, 2024<\/a><\/p><\/blockquote>\n<p><script async src=\"https:\/\/platform.twitter.com\/widgets.js\" charset=\"utf-8\"><\/script><\/p>\n","protected":false},"excerpt":{"rendered":"<p>\u00a1Aunque los atletas competir\u00e1n por el oro en las pr\u00f3ximas dos semanas, un tipo muy diferente de metal se rob\u00f3 el show el viernes. Entre las actuaciones de \u00abLos Miserables\u00bb y \u00abCarmen\u00bb, la banda francesa de heavy metal, Gojira, hizo una entrada espectacular en la ceremonia de apertura de los Juegos Ol\u00edmpicos, dejando a todos [&hellip;]<\/p>\n","protected":false},"author":2,"featured_media":272,"comment_status":"closed","ping_status":"open","sticky":false,"template":"","format":"standard","meta":{"_jetpack_memberships_contains_paid_content":false,"footnotes":""},"categories":[4],"tags":[37,39,40,38],"class_list":["post-271","post","type-post","status-publish","format-standard","has-post-thumbnail","hentry","category-news","tag-gojira","tag-juegos-olimpicos-2024","tag-marina-viotti","tag-paris-2024"],"yoast_head":"<!-- This site is optimized with the Yoast SEO plugin v27.4 - https:\/\/yoast.com\/product\/yoast-seo-wordpress\/ -->\n<title>Gojira, hizo historia en la apertura de los juegos ol\u00edmpicos de Par\u00eds 2024 - Medi\u00e1tica FM<\/title>\n<meta name=\"description\" content=\"Por primera vez en la historia de los juegos ol\u00edmpicos, la banda de metal progresivo, triunf\u00f3 en la inauguraci\u00f3n de Par\u00eds 2024\" \/>\n<meta name=\"robots\" content=\"index, follow, max-snippet:-1, max-image-preview:large, max-video-preview:-1\" \/>\n<link rel=\"canonical\" href=\"https:\/\/mediatica.fm\/index.php\/2024\/07\/26\/gojira-hizo-historia-en-la-apertura-de-los-juegos-olimpicos-de-paris-2024\/\" \/>\n<meta property=\"og:locale\" content=\"es_ES\" \/>\n<meta property=\"og:type\" content=\"article\" \/>\n<meta property=\"og:title\" content=\"Gojira, hizo historia en la apertura de los juegos ol\u00edmpicos de Par\u00eds 2024 - Medi\u00e1tica FM\" \/>\n<meta property=\"og:description\" content=\"Por primera vez en la historia de los juegos ol\u00edmpicos, la banda de metal progresivo, triunf\u00f3 en la inauguraci\u00f3n de Par\u00eds 2024\" \/>\n<meta property=\"og:url\" content=\"https:\/\/mediatica.fm\/index.php\/2024\/07\/26\/gojira-hizo-historia-en-la-apertura-de-los-juegos-olimpicos-de-paris-2024\/\" \/>\n<meta property=\"og:site_name\" content=\"Medi\u00e1tica FM\" \/>\n<meta property=\"article:publisher\" content=\"https:\/\/www.facebook.com\/Mediaticafm\" \/>\n<meta property=\"article:published_time\" content=\"2024-07-26T21:59:25+00:00\" \/>\n<meta property=\"og:image\" content=\"https:\/\/mediatica.fm\/wp-content\/uploads\/2024\/07\/gojira.jpg\" \/>\n\t<meta property=\"og:image:width\" content=\"1479\" \/>\n\t<meta property=\"og:image:height\" content=\"887\" \/>\n\t<meta property=\"og:image:type\" content=\"image\/jpeg\" \/>\n<meta name=\"author\" content=\"Medi\u00e1tica FM\" \/>\n<meta name=\"twitter:card\" content=\"summary_large_image\" \/>\n<meta name=\"twitter:creator\" content=\"@mediaticafm\" \/>\n<meta name=\"twitter:site\" content=\"@mediaticafm\" \/>\n<meta name=\"twitter:label1\" content=\"Escrito por\" \/>\n\t<meta name=\"twitter:data1\" content=\"Medi\u00e1tica FM\" \/>\n\t<meta name=\"twitter:label2\" content=\"Tiempo de lectura\" \/>\n\t<meta name=\"twitter:data2\" content=\"3 minutos\" \/>\n<script type=\"application\/ld+json\" class=\"yoast-schema-graph\">{\"@context\":\"https:\\\/\\\/schema.org\",\"@graph\":[{\"@type\":\"Article\",\"@id\":\"https:\\\/\\\/mediatica.fm\\\/index.php\\\/2024\\\/07\\\/26\\\/gojira-hizo-historia-en-la-apertura-de-los-juegos-olimpicos-de-paris-2024\\\/#article\",\"isPartOf\":{\"@id\":\"https:\\\/\\\/mediatica.fm\\\/index.php\\\/2024\\\/07\\\/26\\\/gojira-hizo-historia-en-la-apertura-de-los-juegos-olimpicos-de-paris-2024\\\/\"},\"author\":{\"name\":\"Medi\u00e1tica FM\",\"@id\":\"https:\\\/\\\/mediatica.fm\\\/#\\\/schema\\\/person\\\/f18c1982149d378d0707d1e6bb1b7ff8\"},\"headline\":\"Gojira, hizo historia en la apertura de los juegos ol\u00edmpicos de Par\u00eds 2024\",\"datePublished\":\"2024-07-26T21:59:25+00:00\",\"mainEntityOfPage\":{\"@id\":\"https:\\\/\\\/mediatica.fm\\\/index.php\\\/2024\\\/07\\\/26\\\/gojira-hizo-historia-en-la-apertura-de-los-juegos-olimpicos-de-paris-2024\\\/\"},\"wordCount\":484,\"publisher\":{\"@id\":\"https:\\\/\\\/mediatica.fm\\\/#organization\"},\"image\":{\"@id\":\"https:\\\/\\\/mediatica.fm\\\/index.php\\\/2024\\\/07\\\/26\\\/gojira-hizo-historia-en-la-apertura-de-los-juegos-olimpicos-de-paris-2024\\\/#primaryimage\"},\"thumbnailUrl\":\"https:\\\/\\\/mediatica.fm\\\/wp-content\\\/uploads\\\/2024\\\/07\\\/gojira.jpg\",\"keywords\":[\"Gojira\",\"Juegos ol\u00edmpicos 2024\",\"Marina Viotti\",\"Paris 2024\"],\"articleSection\":[\"Noticias\"],\"inLanguage\":\"es\"},{\"@type\":\"WebPage\",\"@id\":\"https:\\\/\\\/mediatica.fm\\\/index.php\\\/2024\\\/07\\\/26\\\/gojira-hizo-historia-en-la-apertura-de-los-juegos-olimpicos-de-paris-2024\\\/\",\"url\":\"https:\\\/\\\/mediatica.fm\\\/index.php\\\/2024\\\/07\\\/26\\\/gojira-hizo-historia-en-la-apertura-de-los-juegos-olimpicos-de-paris-2024\\\/\",\"name\":\"Gojira, hizo historia en la apertura de los juegos ol\u00edmpicos de Par\u00eds 2024 - Medi\u00e1tica FM\",\"isPartOf\":{\"@id\":\"https:\\\/\\\/mediatica.fm\\\/#website\"},\"primaryImageOfPage\":{\"@id\":\"https:\\\/\\\/mediatica.fm\\\/index.php\\\/2024\\\/07\\\/26\\\/gojira-hizo-historia-en-la-apertura-de-los-juegos-olimpicos-de-paris-2024\\\/#primaryimage\"},\"image\":{\"@id\":\"https:\\\/\\\/mediatica.fm\\\/index.php\\\/2024\\\/07\\\/26\\\/gojira-hizo-historia-en-la-apertura-de-los-juegos-olimpicos-de-paris-2024\\\/#primaryimage\"},\"thumbnailUrl\":\"https:\\\/\\\/mediatica.fm\\\/wp-content\\\/uploads\\\/2024\\\/07\\\/gojira.jpg\",\"datePublished\":\"2024-07-26T21:59:25+00:00\",\"description\":\"Por primera vez en la historia de los juegos ol\u00edmpicos, la banda de metal progresivo, triunf\u00f3 en la inauguraci\u00f3n de Par\u00eds 2024\",\"breadcrumb\":{\"@id\":\"https:\\\/\\\/mediatica.fm\\\/index.php\\\/2024\\\/07\\\/26\\\/gojira-hizo-historia-en-la-apertura-de-los-juegos-olimpicos-de-paris-2024\\\/#breadcrumb\"},\"inLanguage\":\"es\",\"potentialAction\":[{\"@type\":\"ReadAction\",\"target\":[\"https:\\\/\\\/mediatica.fm\\\/index.php\\\/2024\\\/07\\\/26\\\/gojira-hizo-historia-en-la-apertura-de-los-juegos-olimpicos-de-paris-2024\\\/\"]}]},{\"@type\":\"ImageObject\",\"inLanguage\":\"es\",\"@id\":\"https:\\\/\\\/mediatica.fm\\\/index.php\\\/2024\\\/07\\\/26\\\/gojira-hizo-historia-en-la-apertura-de-los-juegos-olimpicos-de-paris-2024\\\/#primaryimage\",\"url\":\"https:\\\/\\\/mediatica.fm\\\/wp-content\\\/uploads\\\/2024\\\/07\\\/gojira.jpg\",\"contentUrl\":\"https:\\\/\\\/mediatica.fm\\\/wp-content\\\/uploads\\\/2024\\\/07\\\/gojira.jpg\",\"width\":1479,\"height\":887},{\"@type\":\"BreadcrumbList\",\"@id\":\"https:\\\/\\\/mediatica.fm\\\/index.php\\\/2024\\\/07\\\/26\\\/gojira-hizo-historia-en-la-apertura-de-los-juegos-olimpicos-de-paris-2024\\\/#breadcrumb\",\"itemListElement\":[{\"@type\":\"ListItem\",\"position\":1,\"name\":\"Portada\",\"item\":\"https:\\\/\\\/mediatica.fm\\\/\"},{\"@type\":\"ListItem\",\"position\":2,\"name\":\"Gojira, hizo historia en la apertura de los juegos ol\u00edmpicos de Par\u00eds 2024\"}]},{\"@type\":\"WebSite\",\"@id\":\"https:\\\/\\\/mediatica.fm\\\/#website\",\"url\":\"https:\\\/\\\/mediatica.fm\\\/\",\"name\":\"Medi\u00e1tica FM\",\"description\":\"Radio alternativa, menos discurso, m\u00e1s acci\u00f3n\",\"publisher\":{\"@id\":\"https:\\\/\\\/mediatica.fm\\\/#organization\"},\"potentialAction\":[{\"@type\":\"SearchAction\",\"target\":{\"@type\":\"EntryPoint\",\"urlTemplate\":\"https:\\\/\\\/mediatica.fm\\\/?s={search_term_string}\"},\"query-input\":{\"@type\":\"PropertyValueSpecification\",\"valueRequired\":true,\"valueName\":\"search_term_string\"}}],\"inLanguage\":\"es\"},{\"@type\":\"Organization\",\"@id\":\"https:\\\/\\\/mediatica.fm\\\/#organization\",\"name\":\"Medi\u00e1tica FM\",\"url\":\"https:\\\/\\\/mediatica.fm\\\/\",\"logo\":{\"@type\":\"ImageObject\",\"inLanguage\":\"es\",\"@id\":\"https:\\\/\\\/mediatica.fm\\\/#\\\/schema\\\/logo\\\/image\\\/\",\"url\":\"https:\\\/\\\/mediatica.fm\\\/wp-content\\\/uploads\\\/2023\\\/11\\\/logo-solo-blanco.fw_.png\",\"contentUrl\":\"https:\\\/\\\/mediatica.fm\\\/wp-content\\\/uploads\\\/2023\\\/11\\\/logo-solo-blanco.fw_.png\",\"width\":928,\"height\":724,\"caption\":\"Medi\u00e1tica FM\"},\"image\":{\"@id\":\"https:\\\/\\\/mediatica.fm\\\/#\\\/schema\\\/logo\\\/image\\\/\"},\"sameAs\":[\"https:\\\/\\\/www.facebook.com\\\/Mediaticafm\",\"https:\\\/\\\/x.com\\\/mediaticafm\",\"https:\\\/\\\/www.instagram.com\\\/mediatica.fm\\\/\",\"https:\\\/\\\/www.youtube.com\\\/@MediaticaFm\",\"https:\\\/\\\/www.tiktok.com\\\/@mediaticafm\"]},{\"@type\":\"Person\",\"@id\":\"https:\\\/\\\/mediatica.fm\\\/#\\\/schema\\\/person\\\/f18c1982149d378d0707d1e6bb1b7ff8\",\"name\":\"Medi\u00e1tica FM\",\"image\":{\"@type\":\"ImageObject\",\"inLanguage\":\"es\",\"@id\":\"https:\\\/\\\/secure.gravatar.com\\\/avatar\\\/f5e12d9aeb2221fbe18cc7e14955d88d0fdeb166f495d728b681f00b1df025f5?s=96&d=mm&r=g\",\"url\":\"https:\\\/\\\/secure.gravatar.com\\\/avatar\\\/f5e12d9aeb2221fbe18cc7e14955d88d0fdeb166f495d728b681f00b1df025f5?s=96&d=mm&r=g\",\"contentUrl\":\"https:\\\/\\\/secure.gravatar.com\\\/avatar\\\/f5e12d9aeb2221fbe18cc7e14955d88d0fdeb166f495d728b681f00b1df025f5?s=96&d=mm&r=g\",\"caption\":\"Medi\u00e1tica FM\"},\"sameAs\":[\"https:\\\/\\\/www.mediatica.fm\\\/\"],\"url\":\"https:\\\/\\\/mediatica.fm\\\/index.php\\\/author\\\/mediaticafm\\\/\"}]}<\/script>\n<!-- \/ Yoast SEO plugin. -->","yoast_head_json":{"title":"Gojira, hizo historia en la apertura de los juegos ol\u00edmpicos de Par\u00eds 2024 - Medi\u00e1tica FM","description":"Por primera vez en la historia de los juegos ol\u00edmpicos, la banda de metal progresivo, triunf\u00f3 en la inauguraci\u00f3n de Par\u00eds 2024","robots":{"index":"index","follow":"follow","max-snippet":"max-snippet:-1","max-image-preview":"max-image-preview:large","max-video-preview":"max-video-preview:-1"},"canonical":"https:\/\/mediatica.fm\/index.php\/2024\/07\/26\/gojira-hizo-historia-en-la-apertura-de-los-juegos-olimpicos-de-paris-2024\/","og_locale":"es_ES","og_type":"article","og_title":"Gojira, hizo historia en la apertura de los juegos ol\u00edmpicos de Par\u00eds 2024 - Medi\u00e1tica FM","og_description":"Por primera vez en la historia de los juegos ol\u00edmpicos, la banda de metal progresivo, triunf\u00f3 en la inauguraci\u00f3n de Par\u00eds 2024","og_url":"https:\/\/mediatica.fm\/index.php\/2024\/07\/26\/gojira-hizo-historia-en-la-apertura-de-los-juegos-olimpicos-de-paris-2024\/","og_site_name":"Medi\u00e1tica FM","article_publisher":"https:\/\/www.facebook.com\/Mediaticafm","article_published_time":"2024-07-26T21:59:25+00:00","og_image":[{"width":1479,"height":887,"url":"https:\/\/mediatica.fm\/wp-content\/uploads\/2024\/07\/gojira.jpg","type":"image\/jpeg"}],"author":"Medi\u00e1tica FM","twitter_card":"summary_large_image","twitter_creator":"@mediaticafm","twitter_site":"@mediaticafm","twitter_misc":{"Escrito por":"Medi\u00e1tica FM","Tiempo de lectura":"3 minutos"},"schema":{"@context":"https:\/\/schema.org","@graph":[{"@type":"Article","@id":"https:\/\/mediatica.fm\/index.php\/2024\/07\/26\/gojira-hizo-historia-en-la-apertura-de-los-juegos-olimpicos-de-paris-2024\/#article","isPartOf":{"@id":"https:\/\/mediatica.fm\/index.php\/2024\/07\/26\/gojira-hizo-historia-en-la-apertura-de-los-juegos-olimpicos-de-paris-2024\/"},"author":{"name":"Medi\u00e1tica FM","@id":"https:\/\/mediatica.fm\/#\/schema\/person\/f18c1982149d378d0707d1e6bb1b7ff8"},"headline":"Gojira, hizo historia en la apertura de los juegos ol\u00edmpicos de Par\u00eds 2024","datePublished":"2024-07-26T21:59:25+00:00","mainEntityOfPage":{"@id":"https:\/\/mediatica.fm\/index.php\/2024\/07\/26\/gojira-hizo-historia-en-la-apertura-de-los-juegos-olimpicos-de-paris-2024\/"},"wordCount":484,"publisher":{"@id":"https:\/\/mediatica.fm\/#organization"},"image":{"@id":"https:\/\/mediatica.fm\/index.php\/2024\/07\/26\/gojira-hizo-historia-en-la-apertura-de-los-juegos-olimpicos-de-paris-2024\/#primaryimage"},"thumbnailUrl":"https:\/\/mediatica.fm\/wp-content\/uploads\/2024\/07\/gojira.jpg","keywords":["Gojira","Juegos ol\u00edmpicos 2024","Marina Viotti","Paris 2024"],"articleSection":["Noticias"],"inLanguage":"es"},{"@type":"WebPage","@id":"https:\/\/mediatica.fm\/index.php\/2024\/07\/26\/gojira-hizo-historia-en-la-apertura-de-los-juegos-olimpicos-de-paris-2024\/","url":"https:\/\/mediatica.fm\/index.php\/2024\/07\/26\/gojira-hizo-historia-en-la-apertura-de-los-juegos-olimpicos-de-paris-2024\/","name":"Gojira, hizo historia en la apertura de los juegos ol\u00edmpicos de Par\u00eds 2024 - Medi\u00e1tica FM","isPartOf":{"@id":"https:\/\/mediatica.fm\/#website"},"primaryImageOfPage":{"@id":"https:\/\/mediatica.fm\/index.php\/2024\/07\/26\/gojira-hizo-historia-en-la-apertura-de-los-juegos-olimpicos-de-paris-2024\/#primaryimage"},"image":{"@id":"https:\/\/mediatica.fm\/index.php\/2024\/07\/26\/gojira-hizo-historia-en-la-apertura-de-los-juegos-olimpicos-de-paris-2024\/#primaryimage"},"thumbnailUrl":"https:\/\/mediatica.fm\/wp-content\/uploads\/2024\/07\/gojira.jpg","datePublished":"2024-07-26T21:59:25+00:00","description":"Por primera vez en la historia de los juegos ol\u00edmpicos, la banda de metal progresivo, triunf\u00f3 en la inauguraci\u00f3n de Par\u00eds 2024","breadcrumb":{"@id":"https:\/\/mediatica.fm\/index.php\/2024\/07\/26\/gojira-hizo-historia-en-la-apertura-de-los-juegos-olimpicos-de-paris-2024\/#breadcrumb"},"inLanguage":"es","potentialAction":[{"@type":"ReadAction","target":["https:\/\/mediatica.fm\/index.php\/2024\/07\/26\/gojira-hizo-historia-en-la-apertura-de-los-juegos-olimpicos-de-paris-2024\/"]}]},{"@type":"ImageObject","inLanguage":"es","@id":"https:\/\/mediatica.fm\/index.php\/2024\/07\/26\/gojira-hizo-historia-en-la-apertura-de-los-juegos-olimpicos-de-paris-2024\/#primaryimage","url":"https:\/\/mediatica.fm\/wp-content\/uploads\/2024\/07\/gojira.jpg","contentUrl":"https:\/\/mediatica.fm\/wp-content\/uploads\/2024\/07\/gojira.jpg","width":1479,"height":887},{"@type":"BreadcrumbList","@id":"https:\/\/mediatica.fm\/index.php\/2024\/07\/26\/gojira-hizo-historia-en-la-apertura-de-los-juegos-olimpicos-de-paris-2024\/#breadcrumb","itemListElement":[{"@type":"ListItem","position":1,"name":"Portada","item":"https:\/\/mediatica.fm\/"},{"@type":"ListItem","position":2,"name":"Gojira, hizo historia en la apertura de los juegos ol\u00edmpicos de Par\u00eds 2024"}]},{"@type":"WebSite","@id":"https:\/\/mediatica.fm\/#website","url":"https:\/\/mediatica.fm\/","name":"Medi\u00e1tica FM","description":"Radio alternativa, menos discurso, m\u00e1s acci\u00f3n","publisher":{"@id":"https:\/\/mediatica.fm\/#organization"},"potentialAction":[{"@type":"SearchAction","target":{"@type":"EntryPoint","urlTemplate":"https:\/\/mediatica.fm\/?s={search_term_string}"},"query-input":{"@type":"PropertyValueSpecification","valueRequired":true,"valueName":"search_term_string"}}],"inLanguage":"es"},{"@type":"Organization","@id":"https:\/\/mediatica.fm\/#organization","name":"Medi\u00e1tica FM","url":"https:\/\/mediatica.fm\/","logo":{"@type":"ImageObject","inLanguage":"es","@id":"https:\/\/mediatica.fm\/#\/schema\/logo\/image\/","url":"https:\/\/mediatica.fm\/wp-content\/uploads\/2023\/11\/logo-solo-blanco.fw_.png","contentUrl":"https:\/\/mediatica.fm\/wp-content\/uploads\/2023\/11\/logo-solo-blanco.fw_.png","width":928,"height":724,"caption":"Medi\u00e1tica FM"},"image":{"@id":"https:\/\/mediatica.fm\/#\/schema\/logo\/image\/"},"sameAs":["https:\/\/www.facebook.com\/Mediaticafm","https:\/\/x.com\/mediaticafm","https:\/\/www.instagram.com\/mediatica.fm\/","https:\/\/www.youtube.com\/@MediaticaFm","https:\/\/www.tiktok.com\/@mediaticafm"]},{"@type":"Person","@id":"https:\/\/mediatica.fm\/#\/schema\/person\/f18c1982149d378d0707d1e6bb1b7ff8","name":"Medi\u00e1tica FM","image":{"@type":"ImageObject","inLanguage":"es","@id":"https:\/\/secure.gravatar.com\/avatar\/f5e12d9aeb2221fbe18cc7e14955d88d0fdeb166f495d728b681f00b1df025f5?s=96&d=mm&r=g","url":"https:\/\/secure.gravatar.com\/avatar\/f5e12d9aeb2221fbe18cc7e14955d88d0fdeb166f495d728b681f00b1df025f5?s=96&d=mm&r=g","contentUrl":"https:\/\/secure.gravatar.com\/avatar\/f5e12d9aeb2221fbe18cc7e14955d88d0fdeb166f495d728b681f00b1df025f5?s=96&d=mm&r=g","caption":"Medi\u00e1tica FM"},"sameAs":["https:\/\/www.mediatica.fm\/"],"url":"https:\/\/mediatica.fm\/index.php\/author\/mediaticafm\/"}]}},"jetpack_featured_media_url":"https:\/\/mediatica.fm\/wp-content\/uploads\/2024\/07\/gojira.jpg","jetpack_sharing_enabled":true,"_links":{"self":[{"href":"https:\/\/mediatica.fm\/index.php\/wp-json\/wp\/v2\/posts\/271","targetHints":{"allow":["GET"]}}],"collection":[{"href":"https:\/\/mediatica.fm\/index.php\/wp-json\/wp\/v2\/posts"}],"about":[{"href":"https:\/\/mediatica.fm\/index.php\/wp-json\/wp\/v2\/types\/post"}],"author":[{"embeddable":true,"href":"https:\/\/mediatica.fm\/index.php\/wp-json\/wp\/v2\/users\/2"}],"replies":[{"embeddable":true,"href":"https:\/\/mediatica.fm\/index.php\/wp-json\/wp\/v2\/comments?post=271"}],"version-history":[{"count":2,"href":"https:\/\/mediatica.fm\/index.php\/wp-json\/wp\/v2\/posts\/271\/revisions"}],"predecessor-version":[{"id":274,"href":"https:\/\/mediatica.fm\/index.php\/wp-json\/wp\/v2\/posts\/271\/revisions\/274"}],"wp:featuredmedia":[{"embeddable":true,"href":"https:\/\/mediatica.fm\/index.php\/wp-json\/wp\/v2\/media\/272"}],"wp:attachment":[{"href":"https:\/\/mediatica.fm\/index.php\/wp-json\/wp\/v2\/media?parent=271"}],"wp:term":[{"taxonomy":"category","embeddable":true,"href":"https:\/\/mediatica.fm\/index.php\/wp-json\/wp\/v2\/categories?post=271"},{"taxonomy":"post_tag","embeddable":true,"href":"https:\/\/mediatica.fm\/index.php\/wp-json\/wp\/v2\/tags?post=271"}],"curies":[{"name":"wp","href":"https:\/\/api.w.org\/{rel}","templated":true}]}}