{"id":248,"date":"2024-03-06T16:54:09","date_gmt":"2024-03-06T22:54:09","guid":{"rendered":"https:\/\/mediatica.fm\/?p=248"},"modified":"2024-03-06T17:05:19","modified_gmt":"2024-03-06T23:05:19","slug":"guerra-sucia-elecciones2024","status":"publish","type":"post","link":"https:\/\/mediatica.fm\/index.php\/2024\/03\/06\/guerra-sucia-elecciones2024\/","title":{"rendered":"Guerra c\u00ednica y sucia en a\u00f1o electoral"},"content":{"rendered":"<p>Por primera vez en este pa\u00eds, de manera libre y democr\u00e1tica, elegiremos a la primera presidente de sexo femenino en la historia. Hecho que a muchos nos entusiasma, a otros, quiz\u00e1 no, y a otros m\u00e1s, quiz\u00e1 les vale un cacahuate. El caso es que ya es pr\u00e1cticamente un hecho de que tendremos a una \u00abpresidenta\u00bb dirigiendo este pa\u00eds.<\/p>\n<p>Como todos sabemos, desde 2006 aproximadamente, quiz\u00e1 m\u00e1s atr\u00e1s, las campa\u00f1as de desprestigio en contra de los candidatos de ideolog\u00eda izquierdista han sufrido ataques por parte de las \u00e9lites que han gobernado y controlado el pa\u00eds para su propio beneficio. Basados en la corrupci\u00f3n, la manipulaci\u00f3n, y todo por el mayor poder del mundo: el dinero.<\/p>\n<p>El dinero mueve monta\u00f1as, hay que aceptarlo.\u00a0 Pero a pesar de que vivimos en un mundo capitalista que se rige por el consumo y la manipulaci\u00f3n medi\u00e1tica, estamos en una era en donde la libertad de informaci\u00f3n existe y ha hecho posible que nos salgamos de la burbuja de la manipulaci\u00f3n y nos enteremos de otras fuentes de informaci\u00f3n. La mayor\u00eda de ellas independientes, con escasos recursos, pero que luchan por la verdad.<\/p>\n<p>En este \u00faltimo sexenio, en el que M\u00e9xico ha sido gobernado por un personaje de ideolog\u00eda de izquierda, y quien les cort\u00f3 a los corruptos su alimento millonario de tranzas, ha tenido que soportar ataques continuos por parte de los medios tradicionales (y personajes detr\u00e1s de estos), pero no basados en cualquier error o falla que hay atenido el presidente, si no que recurriendo a la manipulaci\u00f3n excesiva de lo que sucede, sesgando la informaci\u00f3n para convertirla en un modo de ataque y\u00a0 desinformaci\u00f3n e incluso creando contenido falso, que lamentablemente, muchos se lo creen y lo convierten en estandarte.<\/p>\n<p>Lo curioso de todo esto, es que a pesar de miles de pruebas que han salido de que personajes de medios tradicionales han sido expuestos en haber sido parte de sexenios corruptos en este pa\u00eds, ellos mismos creen que pueden seguir manipulando a la gente con ataques, mentiras, sesgo de informaci\u00f3n etc\u00e9tera. Ellos mismos son los orquestadores de rumores y tratando de convencer a la gente de las tonter\u00edas que dicen.<\/p>\n<p>Por ejemplo, tenemos a cierto medio de color rosa que se ha dedicado todos los d\u00edas, abiertamente en atacar al gobierno actual, usando como periodistas a uno que le han salido chafas sus montajes con producci\u00f3n <em>telenovelezca<\/em>, y junto con otro personaje, escudado detr\u00e1s de una imagen de payaso, que incluso insulta al presidente acus\u00e1ndolo de corrupto y dictador, haci\u00e9ndolo con toda la libertad de expresi\u00f3n.<\/p>\n<p>Por otro lado, tenemos a la parte pol\u00edtica opositora la que continuamente alimenta a sus seguidores con ambig\u00fcedades, mentiras que quiz\u00e1 en otro universo alterno sean ciertas, pero est\u00e1n muy lejos de la realidad.<\/p>\n<p>Y hay que ser realistas, la candidata de la oposici\u00f3n, X\u00f3chitl Galvez est\u00e1 muy atr\u00e1s en esta contienda, que acaba de empezar. Sus actos p\u00fablicos llenos de ideas ocurrentes y ambiguas sin propuestas y lleno de rid\u00edculos la hacen ver como un personaje c\u00f3mico y fallido de la derecha mexicana.<\/p>\n<p>Por un lado, tenemos a una candidata 100% convencida que va a ganar, cuyas propuestas ya las dio a conocer, y tenemos a la otra candidata que terminar\u00e1 siendo todo lo que atacaron alguna vez hace 6 a\u00f1os o m\u00e1s. Desde c\u00f3mo viste, hasta c\u00f3mo habla y expresa. Pero lo peor, siendo solo un personaje oportunista y ocurrente, sin propuesta alguna.<\/p>\n<p>\u00a1Ah! \u00a1Por cierto! Y tenemos a otro candidato que le encanta pistear con sus cuates y cuyo impulso son unos tenis \u00abfosfo fosfo\u00bb y un jingle pegadizo.<\/p>\n<p>\u00daltimamente se ha dado a conocer que la guerra sucia viene con todo en este a\u00f1o. Jorge Casta\u00f1eda, ex secretario de relaciones exteriores del sexenio de Vicente Fox, ahora, c\u00ednicamente y abiertamente hace p\u00fablica una invitaci\u00f3n a la oposici\u00f3n y obvio a sus medios, auspiciado por Televisa, al uso de la guerra sucia con mentiras, chismes y dem\u00e1s en contra de la candidata Claudia Sheinbaum y al presidente de M\u00e9xico, Andr\u00e9s Manuel L\u00f3pez Obrador. Cosa que nunca se hab\u00eda visto en un medio masivo de M\u00e9xico.<\/p>\n<blockquote class=\"twitter-tweet\">\n<p dir=\"ltr\" lang=\"es\">Que \u201cno tiene vela en el entierro\u201d.<br \/>\nQue el \u201cno la recomienda\u201d pero que es tiempo de intensificar por todos los medios la guerra sucia contra Claudia y AMLO.<br \/>\nHip\u00f3critamente Jorge Casta\u00f1eda llama as\u00ed -pretendi\u00e9ndose ajeno- a envilecer la contienda electoral.<a href=\"https:\/\/t.co\/zSCteSCHPa\">pic.twitter.com\/zSCteSCHPa<\/a><\/p>\n<p>\u2014 epigmenio ibarra (@epigmenioibarra) <a href=\"https:\/\/twitter.com\/epigmenioibarra\/status\/1765060540270075975?ref_src=twsrc%5Etfw\">March 5, 2024<\/a><\/p><\/blockquote>\n<p><script async src=\"https:\/\/platform.twitter.com\/widgets.js\" charset=\"utf-8\"><\/script><\/p>\n<p>La guerra c\u00ednica y sucia apenas comienza. No es de extra\u00f1ar que veamos en estos 3 meses, el uso de la inteligencia artificial, atacando y recreando la voz de la candidata o el presidente haciendo y\/o diciendo actos corruptos. Ya se intent\u00f3 con el jefe de gobierno Mart\u00ed Batres, y no suena nada descabellado que veamos o escuchemos nuevos montajes.<\/p>\n<p>La labor de todos nosotros es siempre buscar alternativas de informaci\u00f3n, donde podemos ir m\u00e1s all\u00e1 de los medios tradicionales y podemos ver entrevistas completas, reales y objetivas.<\/p>\n<p>&nbsp;<\/p>\n<p>&nbsp;<\/p>\n","protected":false},"excerpt":{"rendered":"<p>Por primera vez en este pa\u00eds, de manera libre y democr\u00e1tica, elegiremos a la primera presidente de sexo femenino en la historia. Hecho que a muchos nos entusiasma, a otros, quiz\u00e1 no, y a otros m\u00e1s, quiz\u00e1 les vale un cacahuate. El caso es que ya es pr\u00e1cticamente un hecho de que tendremos a una [&hellip;]<\/p>\n","protected":false},"author":1,"featured_media":249,"comment_status":"closed","ping_status":"open","sticky":false,"template":"","format":"standard","meta":{"_jetpack_memberships_contains_paid_content":false,"footnotes":""},"categories":[5],"tags":[33,36,35,34],"class_list":["post-248","post","type-post","status-publish","format-standard","has-post-thumbnail","hentry","category-articles","tag-claudia-sheinbaum","tag-manipulacion","tag-televisa","tag-xochitl-galvez"],"yoast_head":"<!-- This site is optimized with the Yoast SEO plugin v27.4 - https:\/\/yoast.com\/product\/yoast-seo-wordpress\/ -->\n<title>Guerra c\u00ednica y sucia en a\u00f1o electoral - Medi\u00e1tica FM<\/title>\n<meta name=\"description\" content=\"Cuando los medios se dedican en atacar y mentir simplemente por su enojo por haber perdido sus privilegios corruptos, optan c\u00ednicamente por la guerra sucia.\" \/>\n<meta name=\"robots\" content=\"index, follow, max-snippet:-1, max-image-preview:large, max-video-preview:-1\" \/>\n<link rel=\"canonical\" href=\"https:\/\/mediatica.fm\/index.php\/2024\/03\/06\/guerra-sucia-elecciones2024\/\" \/>\n<meta property=\"og:locale\" content=\"es_ES\" \/>\n<meta property=\"og:type\" content=\"article\" \/>\n<meta property=\"og:title\" content=\"Guerra c\u00ednica y sucia en a\u00f1o electoral - Medi\u00e1tica FM\" \/>\n<meta property=\"og:description\" content=\"Cuando los medios se dedican en atacar y mentir simplemente por su enojo por haber perdido sus privilegios corruptos, optan c\u00ednicamente por la guerra sucia.\" \/>\n<meta property=\"og:url\" content=\"https:\/\/mediatica.fm\/index.php\/2024\/03\/06\/guerra-sucia-elecciones2024\/\" \/>\n<meta property=\"og:site_name\" content=\"Medi\u00e1tica FM\" \/>\n<meta property=\"article:publisher\" content=\"https:\/\/www.facebook.com\/Mediaticafm\" \/>\n<meta property=\"article:published_time\" content=\"2024-03-06T22:54:09+00:00\" \/>\n<meta property=\"article:modified_time\" content=\"2024-03-06T23:05:19+00:00\" \/>\n<meta property=\"og:image\" content=\"https:\/\/mediatica.fm\/wp-content\/uploads\/2024\/03\/xochitlVSClaudia-1024x576.png\" \/>\n\t<meta property=\"og:image:width\" content=\"1024\" \/>\n\t<meta property=\"og:image:height\" content=\"576\" \/>\n\t<meta property=\"og:image:type\" content=\"image\/png\" \/>\n<meta name=\"author\" content=\"Pedro Rosvill\" \/>\n<meta name=\"twitter:card\" content=\"summary_large_image\" \/>\n<meta name=\"twitter:creator\" content=\"@mediaticafm\" \/>\n<meta name=\"twitter:site\" content=\"@mediaticafm\" \/>\n<meta name=\"twitter:label1\" content=\"Escrito por\" \/>\n\t<meta name=\"twitter:data1\" content=\"Pedro Rosvill\" \/>\n\t<meta name=\"twitter:label2\" content=\"Tiempo de lectura\" \/>\n\t<meta name=\"twitter:data2\" content=\"4 minutos\" \/>\n<script type=\"application\/ld+json\" class=\"yoast-schema-graph\">{\"@context\":\"https:\\\/\\\/schema.org\",\"@graph\":[{\"@type\":\"Article\",\"@id\":\"https:\\\/\\\/mediatica.fm\\\/index.php\\\/2024\\\/03\\\/06\\\/guerra-sucia-elecciones2024\\\/#article\",\"isPartOf\":{\"@id\":\"https:\\\/\\\/mediatica.fm\\\/index.php\\\/2024\\\/03\\\/06\\\/guerra-sucia-elecciones2024\\\/\"},\"author\":{\"name\":\"Pedro Rosvill\",\"@id\":\"https:\\\/\\\/mediatica.fm\\\/#\\\/schema\\\/person\\\/439d28dcaaad4f6f23b58843caaae175\"},\"headline\":\"Guerra c\u00ednica y sucia en a\u00f1o electoral\",\"datePublished\":\"2024-03-06T22:54:09+00:00\",\"dateModified\":\"2024-03-06T23:05:19+00:00\",\"mainEntityOfPage\":{\"@id\":\"https:\\\/\\\/mediatica.fm\\\/index.php\\\/2024\\\/03\\\/06\\\/guerra-sucia-elecciones2024\\\/\"},\"wordCount\":895,\"publisher\":{\"@id\":\"https:\\\/\\\/mediatica.fm\\\/#organization\"},\"image\":{\"@id\":\"https:\\\/\\\/mediatica.fm\\\/index.php\\\/2024\\\/03\\\/06\\\/guerra-sucia-elecciones2024\\\/#primaryimage\"},\"thumbnailUrl\":\"https:\\\/\\\/mediatica.fm\\\/wp-content\\\/uploads\\\/2024\\\/03\\\/xochitlVSClaudia.png\",\"keywords\":[\"claudia sheinbaum\",\"manipulacion\",\"televisa\",\"xochitl galvez\"],\"articleSection\":[\"Art\u00edculos\"],\"inLanguage\":\"es\"},{\"@type\":\"WebPage\",\"@id\":\"https:\\\/\\\/mediatica.fm\\\/index.php\\\/2024\\\/03\\\/06\\\/guerra-sucia-elecciones2024\\\/\",\"url\":\"https:\\\/\\\/mediatica.fm\\\/index.php\\\/2024\\\/03\\\/06\\\/guerra-sucia-elecciones2024\\\/\",\"name\":\"Guerra c\u00ednica y sucia en a\u00f1o electoral - Medi\u00e1tica FM\",\"isPartOf\":{\"@id\":\"https:\\\/\\\/mediatica.fm\\\/#website\"},\"primaryImageOfPage\":{\"@id\":\"https:\\\/\\\/mediatica.fm\\\/index.php\\\/2024\\\/03\\\/06\\\/guerra-sucia-elecciones2024\\\/#primaryimage\"},\"image\":{\"@id\":\"https:\\\/\\\/mediatica.fm\\\/index.php\\\/2024\\\/03\\\/06\\\/guerra-sucia-elecciones2024\\\/#primaryimage\"},\"thumbnailUrl\":\"https:\\\/\\\/mediatica.fm\\\/wp-content\\\/uploads\\\/2024\\\/03\\\/xochitlVSClaudia.png\",\"datePublished\":\"2024-03-06T22:54:09+00:00\",\"dateModified\":\"2024-03-06T23:05:19+00:00\",\"description\":\"Cuando los medios se dedican en atacar y mentir simplemente por su enojo por haber perdido sus privilegios corruptos, optan c\u00ednicamente por la guerra sucia.\",\"breadcrumb\":{\"@id\":\"https:\\\/\\\/mediatica.fm\\\/index.php\\\/2024\\\/03\\\/06\\\/guerra-sucia-elecciones2024\\\/#breadcrumb\"},\"inLanguage\":\"es\",\"potentialAction\":[{\"@type\":\"ReadAction\",\"target\":[\"https:\\\/\\\/mediatica.fm\\\/index.php\\\/2024\\\/03\\\/06\\\/guerra-sucia-elecciones2024\\\/\"]}]},{\"@type\":\"ImageObject\",\"inLanguage\":\"es\",\"@id\":\"https:\\\/\\\/mediatica.fm\\\/index.php\\\/2024\\\/03\\\/06\\\/guerra-sucia-elecciones2024\\\/#primaryimage\",\"url\":\"https:\\\/\\\/mediatica.fm\\\/wp-content\\\/uploads\\\/2024\\\/03\\\/xochitlVSClaudia.png\",\"contentUrl\":\"https:\\\/\\\/mediatica.fm\\\/wp-content\\\/uploads\\\/2024\\\/03\\\/xochitlVSClaudia.png\",\"width\":1600,\"height\":900},{\"@type\":\"BreadcrumbList\",\"@id\":\"https:\\\/\\\/mediatica.fm\\\/index.php\\\/2024\\\/03\\\/06\\\/guerra-sucia-elecciones2024\\\/#breadcrumb\",\"itemListElement\":[{\"@type\":\"ListItem\",\"position\":1,\"name\":\"Portada\",\"item\":\"https:\\\/\\\/mediatica.fm\\\/\"},{\"@type\":\"ListItem\",\"position\":2,\"name\":\"Guerra c\u00ednica y sucia en a\u00f1o electoral\"}]},{\"@type\":\"WebSite\",\"@id\":\"https:\\\/\\\/mediatica.fm\\\/#website\",\"url\":\"https:\\\/\\\/mediatica.fm\\\/\",\"name\":\"Medi\u00e1tica FM\",\"description\":\"Radio alternativa, menos discurso, m\u00e1s acci\u00f3n\",\"publisher\":{\"@id\":\"https:\\\/\\\/mediatica.fm\\\/#organization\"},\"potentialAction\":[{\"@type\":\"SearchAction\",\"target\":{\"@type\":\"EntryPoint\",\"urlTemplate\":\"https:\\\/\\\/mediatica.fm\\\/?s={search_term_string}\"},\"query-input\":{\"@type\":\"PropertyValueSpecification\",\"valueRequired\":true,\"valueName\":\"search_term_string\"}}],\"inLanguage\":\"es\"},{\"@type\":\"Organization\",\"@id\":\"https:\\\/\\\/mediatica.fm\\\/#organization\",\"name\":\"Medi\u00e1tica FM\",\"url\":\"https:\\\/\\\/mediatica.fm\\\/\",\"logo\":{\"@type\":\"ImageObject\",\"inLanguage\":\"es\",\"@id\":\"https:\\\/\\\/mediatica.fm\\\/#\\\/schema\\\/logo\\\/image\\\/\",\"url\":\"https:\\\/\\\/mediatica.fm\\\/wp-content\\\/uploads\\\/2023\\\/11\\\/logo-solo-blanco.fw_.png\",\"contentUrl\":\"https:\\\/\\\/mediatica.fm\\\/wp-content\\\/uploads\\\/2023\\\/11\\\/logo-solo-blanco.fw_.png\",\"width\":928,\"height\":724,\"caption\":\"Medi\u00e1tica FM\"},\"image\":{\"@id\":\"https:\\\/\\\/mediatica.fm\\\/#\\\/schema\\\/logo\\\/image\\\/\"},\"sameAs\":[\"https:\\\/\\\/www.facebook.com\\\/Mediaticafm\",\"https:\\\/\\\/x.com\\\/mediaticafm\",\"https:\\\/\\\/www.instagram.com\\\/mediatica.fm\\\/\",\"https:\\\/\\\/www.youtube.com\\\/@MediaticaFm\",\"https:\\\/\\\/www.tiktok.com\\\/@mediaticafm\"]},{\"@type\":\"Person\",\"@id\":\"https:\\\/\\\/mediatica.fm\\\/#\\\/schema\\\/person\\\/439d28dcaaad4f6f23b58843caaae175\",\"name\":\"Pedro Rosvill\",\"image\":{\"@type\":\"ImageObject\",\"inLanguage\":\"es\",\"@id\":\"https:\\\/\\\/secure.gravatar.com\\\/avatar\\\/09daa96b68093a8246b2d32ef3211f837eafd2a0642a76ac723a29128828ff39?s=96&d=mm&r=g\",\"url\":\"https:\\\/\\\/secure.gravatar.com\\\/avatar\\\/09daa96b68093a8246b2d32ef3211f837eafd2a0642a76ac723a29128828ff39?s=96&d=mm&r=g\",\"contentUrl\":\"https:\\\/\\\/secure.gravatar.com\\\/avatar\\\/09daa96b68093a8246b2d32ef3211f837eafd2a0642a76ac723a29128828ff39?s=96&d=mm&r=g\",\"caption\":\"Pedro Rosvill\"},\"sameAs\":[\"https:\\\/\\\/mediatica.fm\"],\"url\":\"https:\\\/\\\/mediatica.fm\\\/index.php\\\/author\\\/rosvill\\\/\"}]}<\/script>\n<!-- \/ Yoast SEO plugin. -->","yoast_head_json":{"title":"Guerra c\u00ednica y sucia en a\u00f1o electoral - Medi\u00e1tica FM","description":"Cuando los medios se dedican en atacar y mentir simplemente por su enojo por haber perdido sus privilegios corruptos, optan c\u00ednicamente por la guerra sucia.","robots":{"index":"index","follow":"follow","max-snippet":"max-snippet:-1","max-image-preview":"max-image-preview:large","max-video-preview":"max-video-preview:-1"},"canonical":"https:\/\/mediatica.fm\/index.php\/2024\/03\/06\/guerra-sucia-elecciones2024\/","og_locale":"es_ES","og_type":"article","og_title":"Guerra c\u00ednica y sucia en a\u00f1o electoral - Medi\u00e1tica FM","og_description":"Cuando los medios se dedican en atacar y mentir simplemente por su enojo por haber perdido sus privilegios corruptos, optan c\u00ednicamente por la guerra sucia.","og_url":"https:\/\/mediatica.fm\/index.php\/2024\/03\/06\/guerra-sucia-elecciones2024\/","og_site_name":"Medi\u00e1tica FM","article_publisher":"https:\/\/www.facebook.com\/Mediaticafm","article_published_time":"2024-03-06T22:54:09+00:00","article_modified_time":"2024-03-06T23:05:19+00:00","og_image":[{"width":1024,"height":576,"url":"https:\/\/mediatica.fm\/wp-content\/uploads\/2024\/03\/xochitlVSClaudia-1024x576.png","type":"image\/png"}],"author":"Pedro Rosvill","twitter_card":"summary_large_image","twitter_creator":"@mediaticafm","twitter_site":"@mediaticafm","twitter_misc":{"Escrito por":"Pedro Rosvill","Tiempo de lectura":"4 minutos"},"schema":{"@context":"https:\/\/schema.org","@graph":[{"@type":"Article","@id":"https:\/\/mediatica.fm\/index.php\/2024\/03\/06\/guerra-sucia-elecciones2024\/#article","isPartOf":{"@id":"https:\/\/mediatica.fm\/index.php\/2024\/03\/06\/guerra-sucia-elecciones2024\/"},"author":{"name":"Pedro Rosvill","@id":"https:\/\/mediatica.fm\/#\/schema\/person\/439d28dcaaad4f6f23b58843caaae175"},"headline":"Guerra c\u00ednica y sucia en a\u00f1o electoral","datePublished":"2024-03-06T22:54:09+00:00","dateModified":"2024-03-06T23:05:19+00:00","mainEntityOfPage":{"@id":"https:\/\/mediatica.fm\/index.php\/2024\/03\/06\/guerra-sucia-elecciones2024\/"},"wordCount":895,"publisher":{"@id":"https:\/\/mediatica.fm\/#organization"},"image":{"@id":"https:\/\/mediatica.fm\/index.php\/2024\/03\/06\/guerra-sucia-elecciones2024\/#primaryimage"},"thumbnailUrl":"https:\/\/mediatica.fm\/wp-content\/uploads\/2024\/03\/xochitlVSClaudia.png","keywords":["claudia sheinbaum","manipulacion","televisa","xochitl galvez"],"articleSection":["Art\u00edculos"],"inLanguage":"es"},{"@type":"WebPage","@id":"https:\/\/mediatica.fm\/index.php\/2024\/03\/06\/guerra-sucia-elecciones2024\/","url":"https:\/\/mediatica.fm\/index.php\/2024\/03\/06\/guerra-sucia-elecciones2024\/","name":"Guerra c\u00ednica y sucia en a\u00f1o electoral - Medi\u00e1tica FM","isPartOf":{"@id":"https:\/\/mediatica.fm\/#website"},"primaryImageOfPage":{"@id":"https:\/\/mediatica.fm\/index.php\/2024\/03\/06\/guerra-sucia-elecciones2024\/#primaryimage"},"image":{"@id":"https:\/\/mediatica.fm\/index.php\/2024\/03\/06\/guerra-sucia-elecciones2024\/#primaryimage"},"thumbnailUrl":"https:\/\/mediatica.fm\/wp-content\/uploads\/2024\/03\/xochitlVSClaudia.png","datePublished":"2024-03-06T22:54:09+00:00","dateModified":"2024-03-06T23:05:19+00:00","description":"Cuando los medios se dedican en atacar y mentir simplemente por su enojo por haber perdido sus privilegios corruptos, optan c\u00ednicamente por la guerra sucia.","breadcrumb":{"@id":"https:\/\/mediatica.fm\/index.php\/2024\/03\/06\/guerra-sucia-elecciones2024\/#breadcrumb"},"inLanguage":"es","potentialAction":[{"@type":"ReadAction","target":["https:\/\/mediatica.fm\/index.php\/2024\/03\/06\/guerra-sucia-elecciones2024\/"]}]},{"@type":"ImageObject","inLanguage":"es","@id":"https:\/\/mediatica.fm\/index.php\/2024\/03\/06\/guerra-sucia-elecciones2024\/#primaryimage","url":"https:\/\/mediatica.fm\/wp-content\/uploads\/2024\/03\/xochitlVSClaudia.png","contentUrl":"https:\/\/mediatica.fm\/wp-content\/uploads\/2024\/03\/xochitlVSClaudia.png","width":1600,"height":900},{"@type":"BreadcrumbList","@id":"https:\/\/mediatica.fm\/index.php\/2024\/03\/06\/guerra-sucia-elecciones2024\/#breadcrumb","itemListElement":[{"@type":"ListItem","position":1,"name":"Portada","item":"https:\/\/mediatica.fm\/"},{"@type":"ListItem","position":2,"name":"Guerra c\u00ednica y sucia en a\u00f1o electoral"}]},{"@type":"WebSite","@id":"https:\/\/mediatica.fm\/#website","url":"https:\/\/mediatica.fm\/","name":"Medi\u00e1tica FM","description":"Radio alternativa, menos discurso, m\u00e1s acci\u00f3n","publisher":{"@id":"https:\/\/mediatica.fm\/#organization"},"potentialAction":[{"@type":"SearchAction","target":{"@type":"EntryPoint","urlTemplate":"https:\/\/mediatica.fm\/?s={search_term_string}"},"query-input":{"@type":"PropertyValueSpecification","valueRequired":true,"valueName":"search_term_string"}}],"inLanguage":"es"},{"@type":"Organization","@id":"https:\/\/mediatica.fm\/#organization","name":"Medi\u00e1tica FM","url":"https:\/\/mediatica.fm\/","logo":{"@type":"ImageObject","inLanguage":"es","@id":"https:\/\/mediatica.fm\/#\/schema\/logo\/image\/","url":"https:\/\/mediatica.fm\/wp-content\/uploads\/2023\/11\/logo-solo-blanco.fw_.png","contentUrl":"https:\/\/mediatica.fm\/wp-content\/uploads\/2023\/11\/logo-solo-blanco.fw_.png","width":928,"height":724,"caption":"Medi\u00e1tica FM"},"image":{"@id":"https:\/\/mediatica.fm\/#\/schema\/logo\/image\/"},"sameAs":["https:\/\/www.facebook.com\/Mediaticafm","https:\/\/x.com\/mediaticafm","https:\/\/www.instagram.com\/mediatica.fm\/","https:\/\/www.youtube.com\/@MediaticaFm","https:\/\/www.tiktok.com\/@mediaticafm"]},{"@type":"Person","@id":"https:\/\/mediatica.fm\/#\/schema\/person\/439d28dcaaad4f6f23b58843caaae175","name":"Pedro Rosvill","image":{"@type":"ImageObject","inLanguage":"es","@id":"https:\/\/secure.gravatar.com\/avatar\/09daa96b68093a8246b2d32ef3211f837eafd2a0642a76ac723a29128828ff39?s=96&d=mm&r=g","url":"https:\/\/secure.gravatar.com\/avatar\/09daa96b68093a8246b2d32ef3211f837eafd2a0642a76ac723a29128828ff39?s=96&d=mm&r=g","contentUrl":"https:\/\/secure.gravatar.com\/avatar\/09daa96b68093a8246b2d32ef3211f837eafd2a0642a76ac723a29128828ff39?s=96&d=mm&r=g","caption":"Pedro Rosvill"},"sameAs":["https:\/\/mediatica.fm"],"url":"https:\/\/mediatica.fm\/index.php\/author\/rosvill\/"}]}},"jetpack_featured_media_url":"https:\/\/mediatica.fm\/wp-content\/uploads\/2024\/03\/xochitlVSClaudia.png","jetpack_sharing_enabled":true,"_links":{"self":[{"href":"https:\/\/mediatica.fm\/index.php\/wp-json\/wp\/v2\/posts\/248","targetHints":{"allow":["GET"]}}],"collection":[{"href":"https:\/\/mediatica.fm\/index.php\/wp-json\/wp\/v2\/posts"}],"about":[{"href":"https:\/\/mediatica.fm\/index.php\/wp-json\/wp\/v2\/types\/post"}],"author":[{"embeddable":true,"href":"https:\/\/mediatica.fm\/index.php\/wp-json\/wp\/v2\/users\/1"}],"replies":[{"embeddable":true,"href":"https:\/\/mediatica.fm\/index.php\/wp-json\/wp\/v2\/comments?post=248"}],"version-history":[{"count":2,"href":"https:\/\/mediatica.fm\/index.php\/wp-json\/wp\/v2\/posts\/248\/revisions"}],"predecessor-version":[{"id":251,"href":"https:\/\/mediatica.fm\/index.php\/wp-json\/wp\/v2\/posts\/248\/revisions\/251"}],"wp:featuredmedia":[{"embeddable":true,"href":"https:\/\/mediatica.fm\/index.php\/wp-json\/wp\/v2\/media\/249"}],"wp:attachment":[{"href":"https:\/\/mediatica.fm\/index.php\/wp-json\/wp\/v2\/media?parent=248"}],"wp:term":[{"taxonomy":"category","embeddable":true,"href":"https:\/\/mediatica.fm\/index.php\/wp-json\/wp\/v2\/categories?post=248"},{"taxonomy":"post_tag","embeddable":true,"href":"https:\/\/mediatica.fm\/index.php\/wp-json\/wp\/v2\/tags?post=248"}],"curies":[{"name":"wp","href":"https:\/\/api.w.org\/{rel}","templated":true}]}}