{"id":120,"date":"2023-12-05T19:04:42","date_gmt":"2023-12-05T18:04:42","guid":{"rendered":"https:\/\/mediatica.fm\/?p=120"},"modified":"2024-03-06T17:04:18","modified_gmt":"2024-03-06T23:04:18","slug":"tom-petty-en-el-trailer-del-videojuego-gta-vi","status":"publish","type":"post","link":"https:\/\/mediatica.fm\/index.php\/2023\/12\/05\/tom-petty-en-el-trailer-del-videojuego-gta-vi\/","title":{"rendered":"Tom Petty en el trailer del videojuego GTA VI"},"content":{"rendered":"\t\t<div data-elementor-type=\"wp-post\" data-elementor-id=\"120\" class=\"elementor elementor-120\">\n\t\t\t\t<div class=\"elementor-element elementor-element-39f7e9f e-flex e-con-boxed e-con e-parent\" data-id=\"39f7e9f\" data-element_type=\"container\" data-e-type=\"container\">\n\t\t\t\t\t<div class=\"e-con-inner\">\n\t\t\t\t<div class=\"elementor-element elementor-element-809acab elementor-widget elementor-widget-text-editor\" data-id=\"809acab\" data-element_type=\"widget\" data-e-type=\"widget\" data-widget_type=\"text-editor.default\">\n\t\t\t\t<div class=\"elementor-widget-container\">\n\t\t\t\t\t\t\t\t\t<p>Algo caracter\u00edstico de <strong>Rockstar Games<\/strong>, es la m\u00fasica. Y no pod\u00eda ser menos en su nueva entrega de <strong>Grand Theft Auto VI<\/strong>, la m\u00e1s reciente versi\u00f3n de la saga en donde las mafias y el hacer lo que quieras en la ciudad, sigue siendo lo atractivo.<\/p><p>En este peque\u00f1o adelanto, podemos apreciar el trailer del juego que salt\u00f3 a las redes sociales con unas incre\u00edbles gr\u00e1ficas, adem\u00e1s de lo cl\u00e1sico que todos amamos del mismo, pero con la canci\u00f3n de 1989 \u00abLove Is A Long Road\u00bb del \u00e1lbum debut como solista de <strong>Tom Petty<\/strong>.<\/p><p>A pesar de que el videojuego estar\u00e1 disponible hasta el 2025, los fans de la franquicia enloquecieron el avance.\u00a0<\/p><p>Y pues la verdad, la canci\u00f3n le queda perfecto, puesto que fue inspirada por el guitarrista Mike Campbell de The Heartbreakers, haciendo alusi\u00f3n a su motocicleta.<\/p><p>Aqu\u00ed te dejamos el trailer.<\/p><p>\u00a0\u00a0<\/p><p>\u00a0<\/p>\t\t\t\t\t\t\t\t<\/div>\n\t\t\t\t<\/div>\n\t\t\t\t\t<\/div>\n\t\t\t\t<\/div>\n\t\t<div class=\"elementor-element elementor-element-a7d825f e-flex e-con-boxed e-con e-parent\" data-id=\"a7d825f\" data-element_type=\"container\" data-e-type=\"container\">\n\t\t\t\t\t<div class=\"e-con-inner\">\n\t\t\t\t<div class=\"elementor-element elementor-element-817bdd5 elementor-widget elementor-widget-video\" data-id=\"817bdd5\" data-element_type=\"widget\" data-e-type=\"widget\" data-settings=\"{&quot;youtube_url&quot;:&quot;https:\\\/\\\/youtu.be\\\/QdBZY2fkU-0?si=f15RI27ZtKIV9-OU&quot;,&quot;video_type&quot;:&quot;youtube&quot;,&quot;controls&quot;:&quot;yes&quot;}\" data-widget_type=\"video.default\">\n\t\t\t\t<div class=\"elementor-widget-container\">\n\t\t\t\t\t\t\t<div class=\"elementor-wrapper elementor-open-inline\">\n\t\t\t<div class=\"elementor-video\"><\/div>\t\t<\/div>\n\t\t\t\t\t\t<\/div>\n\t\t\t\t<\/div>\n\t\t\t\t\t<\/div>\n\t\t\t\t<\/div>\n\t\t\t\t<\/div>\n\t\t","protected":false},"excerpt":{"rendered":"<p>Algo caracter\u00edstico de Rockstar Games, es la m\u00fasica. Y no pod\u00eda ser menos en su nueva entrega de Grand Theft Auto VI, la m\u00e1s reciente versi\u00f3n de la saga en donde las mafias y el hacer lo que quieras en la ciudad, sigue siendo lo atractivo. En este peque\u00f1o adelanto, podemos apreciar el trailer del [&hellip;]<\/p>\n","protected":false},"author":2,"featured_media":125,"comment_status":"closed","ping_status":"open","sticky":false,"template":"","format":"standard","meta":{"_jetpack_memberships_contains_paid_content":false,"footnotes":""},"categories":[4],"tags":[16,15],"class_list":["post-120","post","type-post","status-publish","format-standard","has-post-thumbnail","hentry","category-news","tag-gta6","tag-tom-petty"],"yoast_head":"<!-- This site is optimized with the Yoast SEO plugin v27.4 - https:\/\/yoast.com\/product\/yoast-seo-wordpress\/ -->\n<title>Tom Petty en el trailer del videojuego GTA VI - Medi\u00e1tica FM<\/title>\n<meta name=\"description\" content=\"Tom Petty aparece en el primer trailer del videojuego Grand Theft Auto VI\" \/>\n<meta name=\"robots\" content=\"index, follow, max-snippet:-1, max-image-preview:large, max-video-preview:-1\" \/>\n<link rel=\"canonical\" href=\"https:\/\/mediatica.fm\/index.php\/2023\/12\/05\/tom-petty-en-el-trailer-del-videojuego-gta-vi\/\" \/>\n<meta property=\"og:locale\" content=\"es_ES\" \/>\n<meta property=\"og:type\" content=\"article\" \/>\n<meta property=\"og:title\" content=\"Tom Petty en el trailer del videojuego GTA VI - Medi\u00e1tica FM\" \/>\n<meta property=\"og:description\" content=\"Tom Petty aparece en el primer trailer del videojuego Grand Theft Auto VI\" \/>\n<meta property=\"og:url\" content=\"https:\/\/mediatica.fm\/index.php\/2023\/12\/05\/tom-petty-en-el-trailer-del-videojuego-gta-vi\/\" \/>\n<meta property=\"og:site_name\" content=\"Medi\u00e1tica FM\" \/>\n<meta property=\"article:publisher\" content=\"https:\/\/www.facebook.com\/Mediaticafm\" \/>\n<meta property=\"article:published_time\" content=\"2023-12-05T18:04:42+00:00\" \/>\n<meta property=\"article:modified_time\" content=\"2024-03-06T23:04:18+00:00\" \/>\n<meta property=\"og:image\" content=\"https:\/\/mediatica.fm\/wp-content\/uploads\/2023\/12\/vice-gta6.jpg\" \/>\n\t<meta property=\"og:image:width\" content=\"1197\" \/>\n\t<meta property=\"og:image:height\" content=\"553\" \/>\n\t<meta property=\"og:image:type\" content=\"image\/jpeg\" \/>\n<meta name=\"author\" content=\"Medi\u00e1tica FM\" \/>\n<meta name=\"twitter:card\" content=\"summary_large_image\" \/>\n<meta name=\"twitter:creator\" content=\"@mediaticafm\" \/>\n<meta name=\"twitter:site\" content=\"@mediaticafm\" \/>\n<meta name=\"twitter:label1\" content=\"Escrito por\" \/>\n\t<meta name=\"twitter:data1\" content=\"Medi\u00e1tica FM\" \/>\n\t<meta name=\"twitter:label2\" content=\"Tiempo de lectura\" \/>\n\t<meta name=\"twitter:data2\" content=\"1 minuto\" \/>\n<script type=\"application\/ld+json\" class=\"yoast-schema-graph\">{\"@context\":\"https:\\\/\\\/schema.org\",\"@graph\":[{\"@type\":\"Article\",\"@id\":\"https:\\\/\\\/mediatica.fm\\\/index.php\\\/2023\\\/12\\\/05\\\/tom-petty-en-el-trailer-del-videojuego-gta-vi\\\/#article\",\"isPartOf\":{\"@id\":\"https:\\\/\\\/mediatica.fm\\\/index.php\\\/2023\\\/12\\\/05\\\/tom-petty-en-el-trailer-del-videojuego-gta-vi\\\/\"},\"author\":{\"name\":\"Medi\u00e1tica FM\",\"@id\":\"https:\\\/\\\/mediatica.fm\\\/#\\\/schema\\\/person\\\/f18c1982149d378d0707d1e6bb1b7ff8\"},\"headline\":\"Tom Petty en el trailer del videojuego GTA VI\",\"datePublished\":\"2023-12-05T18:04:42+00:00\",\"dateModified\":\"2024-03-06T23:04:18+00:00\",\"mainEntityOfPage\":{\"@id\":\"https:\\\/\\\/mediatica.fm\\\/index.php\\\/2023\\\/12\\\/05\\\/tom-petty-en-el-trailer-del-videojuego-gta-vi\\\/\"},\"wordCount\":174,\"publisher\":{\"@id\":\"https:\\\/\\\/mediatica.fm\\\/#organization\"},\"image\":{\"@id\":\"https:\\\/\\\/mediatica.fm\\\/index.php\\\/2023\\\/12\\\/05\\\/tom-petty-en-el-trailer-del-videojuego-gta-vi\\\/#primaryimage\"},\"thumbnailUrl\":\"https:\\\/\\\/mediatica.fm\\\/wp-content\\\/uploads\\\/2023\\\/12\\\/vice-gta6.jpg\",\"keywords\":[\"gta6\",\"tom petty\"],\"articleSection\":[\"Noticias\"],\"inLanguage\":\"es\"},{\"@type\":\"WebPage\",\"@id\":\"https:\\\/\\\/mediatica.fm\\\/index.php\\\/2023\\\/12\\\/05\\\/tom-petty-en-el-trailer-del-videojuego-gta-vi\\\/\",\"url\":\"https:\\\/\\\/mediatica.fm\\\/index.php\\\/2023\\\/12\\\/05\\\/tom-petty-en-el-trailer-del-videojuego-gta-vi\\\/\",\"name\":\"Tom Petty en el trailer del videojuego GTA VI - Medi\u00e1tica FM\",\"isPartOf\":{\"@id\":\"https:\\\/\\\/mediatica.fm\\\/#website\"},\"primaryImageOfPage\":{\"@id\":\"https:\\\/\\\/mediatica.fm\\\/index.php\\\/2023\\\/12\\\/05\\\/tom-petty-en-el-trailer-del-videojuego-gta-vi\\\/#primaryimage\"},\"image\":{\"@id\":\"https:\\\/\\\/mediatica.fm\\\/index.php\\\/2023\\\/12\\\/05\\\/tom-petty-en-el-trailer-del-videojuego-gta-vi\\\/#primaryimage\"},\"thumbnailUrl\":\"https:\\\/\\\/mediatica.fm\\\/wp-content\\\/uploads\\\/2023\\\/12\\\/vice-gta6.jpg\",\"datePublished\":\"2023-12-05T18:04:42+00:00\",\"dateModified\":\"2024-03-06T23:04:18+00:00\",\"description\":\"Tom Petty aparece en el primer trailer del videojuego Grand Theft Auto VI\",\"breadcrumb\":{\"@id\":\"https:\\\/\\\/mediatica.fm\\\/index.php\\\/2023\\\/12\\\/05\\\/tom-petty-en-el-trailer-del-videojuego-gta-vi\\\/#breadcrumb\"},\"inLanguage\":\"es\",\"potentialAction\":[{\"@type\":\"ReadAction\",\"target\":[\"https:\\\/\\\/mediatica.fm\\\/index.php\\\/2023\\\/12\\\/05\\\/tom-petty-en-el-trailer-del-videojuego-gta-vi\\\/\"]}]},{\"@type\":\"ImageObject\",\"inLanguage\":\"es\",\"@id\":\"https:\\\/\\\/mediatica.fm\\\/index.php\\\/2023\\\/12\\\/05\\\/tom-petty-en-el-trailer-del-videojuego-gta-vi\\\/#primaryimage\",\"url\":\"https:\\\/\\\/mediatica.fm\\\/wp-content\\\/uploads\\\/2023\\\/12\\\/vice-gta6.jpg\",\"contentUrl\":\"https:\\\/\\\/mediatica.fm\\\/wp-content\\\/uploads\\\/2023\\\/12\\\/vice-gta6.jpg\",\"width\":1197,\"height\":553},{\"@type\":\"BreadcrumbList\",\"@id\":\"https:\\\/\\\/mediatica.fm\\\/index.php\\\/2023\\\/12\\\/05\\\/tom-petty-en-el-trailer-del-videojuego-gta-vi\\\/#breadcrumb\",\"itemListElement\":[{\"@type\":\"ListItem\",\"position\":1,\"name\":\"Portada\",\"item\":\"https:\\\/\\\/mediatica.fm\\\/\"},{\"@type\":\"ListItem\",\"position\":2,\"name\":\"Tom Petty en el trailer del videojuego GTA VI\"}]},{\"@type\":\"WebSite\",\"@id\":\"https:\\\/\\\/mediatica.fm\\\/#website\",\"url\":\"https:\\\/\\\/mediatica.fm\\\/\",\"name\":\"Medi\u00e1tica FM\",\"description\":\"Radio alternativa, menos discurso, m\u00e1s acci\u00f3n\",\"publisher\":{\"@id\":\"https:\\\/\\\/mediatica.fm\\\/#organization\"},\"potentialAction\":[{\"@type\":\"SearchAction\",\"target\":{\"@type\":\"EntryPoint\",\"urlTemplate\":\"https:\\\/\\\/mediatica.fm\\\/?s={search_term_string}\"},\"query-input\":{\"@type\":\"PropertyValueSpecification\",\"valueRequired\":true,\"valueName\":\"search_term_string\"}}],\"inLanguage\":\"es\"},{\"@type\":\"Organization\",\"@id\":\"https:\\\/\\\/mediatica.fm\\\/#organization\",\"name\":\"Medi\u00e1tica FM\",\"url\":\"https:\\\/\\\/mediatica.fm\\\/\",\"logo\":{\"@type\":\"ImageObject\",\"inLanguage\":\"es\",\"@id\":\"https:\\\/\\\/mediatica.fm\\\/#\\\/schema\\\/logo\\\/image\\\/\",\"url\":\"https:\\\/\\\/mediatica.fm\\\/wp-content\\\/uploads\\\/2023\\\/11\\\/logo-solo-blanco.fw_.png\",\"contentUrl\":\"https:\\\/\\\/mediatica.fm\\\/wp-content\\\/uploads\\\/2023\\\/11\\\/logo-solo-blanco.fw_.png\",\"width\":928,\"height\":724,\"caption\":\"Medi\u00e1tica FM\"},\"image\":{\"@id\":\"https:\\\/\\\/mediatica.fm\\\/#\\\/schema\\\/logo\\\/image\\\/\"},\"sameAs\":[\"https:\\\/\\\/www.facebook.com\\\/Mediaticafm\",\"https:\\\/\\\/x.com\\\/mediaticafm\",\"https:\\\/\\\/www.instagram.com\\\/mediatica.fm\\\/\",\"https:\\\/\\\/www.youtube.com\\\/@MediaticaFm\",\"https:\\\/\\\/www.tiktok.com\\\/@mediaticafm\"]},{\"@type\":\"Person\",\"@id\":\"https:\\\/\\\/mediatica.fm\\\/#\\\/schema\\\/person\\\/f18c1982149d378d0707d1e6bb1b7ff8\",\"name\":\"Medi\u00e1tica FM\",\"image\":{\"@type\":\"ImageObject\",\"inLanguage\":\"es\",\"@id\":\"https:\\\/\\\/secure.gravatar.com\\\/avatar\\\/f5e12d9aeb2221fbe18cc7e14955d88d0fdeb166f495d728b681f00b1df025f5?s=96&d=mm&r=g\",\"url\":\"https:\\\/\\\/secure.gravatar.com\\\/avatar\\\/f5e12d9aeb2221fbe18cc7e14955d88d0fdeb166f495d728b681f00b1df025f5?s=96&d=mm&r=g\",\"contentUrl\":\"https:\\\/\\\/secure.gravatar.com\\\/avatar\\\/f5e12d9aeb2221fbe18cc7e14955d88d0fdeb166f495d728b681f00b1df025f5?s=96&d=mm&r=g\",\"caption\":\"Medi\u00e1tica FM\"},\"sameAs\":[\"https:\\\/\\\/www.mediatica.fm\\\/\"],\"url\":\"https:\\\/\\\/mediatica.fm\\\/index.php\\\/author\\\/mediaticafm\\\/\"}]}<\/script>\n<!-- \/ Yoast SEO plugin. -->","yoast_head_json":{"title":"Tom Petty en el trailer del videojuego GTA VI - Medi\u00e1tica FM","description":"Tom Petty aparece en el primer trailer del videojuego Grand Theft Auto VI","robots":{"index":"index","follow":"follow","max-snippet":"max-snippet:-1","max-image-preview":"max-image-preview:large","max-video-preview":"max-video-preview:-1"},"canonical":"https:\/\/mediatica.fm\/index.php\/2023\/12\/05\/tom-petty-en-el-trailer-del-videojuego-gta-vi\/","og_locale":"es_ES","og_type":"article","og_title":"Tom Petty en el trailer del videojuego GTA VI - Medi\u00e1tica FM","og_description":"Tom Petty aparece en el primer trailer del videojuego Grand Theft Auto VI","og_url":"https:\/\/mediatica.fm\/index.php\/2023\/12\/05\/tom-petty-en-el-trailer-del-videojuego-gta-vi\/","og_site_name":"Medi\u00e1tica FM","article_publisher":"https:\/\/www.facebook.com\/Mediaticafm","article_published_time":"2023-12-05T18:04:42+00:00","article_modified_time":"2024-03-06T23:04:18+00:00","og_image":[{"width":1197,"height":553,"url":"https:\/\/mediatica.fm\/wp-content\/uploads\/2023\/12\/vice-gta6.jpg","type":"image\/jpeg"}],"author":"Medi\u00e1tica FM","twitter_card":"summary_large_image","twitter_creator":"@mediaticafm","twitter_site":"@mediaticafm","twitter_misc":{"Escrito por":"Medi\u00e1tica FM","Tiempo de lectura":"1 minuto"},"schema":{"@context":"https:\/\/schema.org","@graph":[{"@type":"Article","@id":"https:\/\/mediatica.fm\/index.php\/2023\/12\/05\/tom-petty-en-el-trailer-del-videojuego-gta-vi\/#article","isPartOf":{"@id":"https:\/\/mediatica.fm\/index.php\/2023\/12\/05\/tom-petty-en-el-trailer-del-videojuego-gta-vi\/"},"author":{"name":"Medi\u00e1tica FM","@id":"https:\/\/mediatica.fm\/#\/schema\/person\/f18c1982149d378d0707d1e6bb1b7ff8"},"headline":"Tom Petty en el trailer del videojuego GTA VI","datePublished":"2023-12-05T18:04:42+00:00","dateModified":"2024-03-06T23:04:18+00:00","mainEntityOfPage":{"@id":"https:\/\/mediatica.fm\/index.php\/2023\/12\/05\/tom-petty-en-el-trailer-del-videojuego-gta-vi\/"},"wordCount":174,"publisher":{"@id":"https:\/\/mediatica.fm\/#organization"},"image":{"@id":"https:\/\/mediatica.fm\/index.php\/2023\/12\/05\/tom-petty-en-el-trailer-del-videojuego-gta-vi\/#primaryimage"},"thumbnailUrl":"https:\/\/mediatica.fm\/wp-content\/uploads\/2023\/12\/vice-gta6.jpg","keywords":["gta6","tom petty"],"articleSection":["Noticias"],"inLanguage":"es"},{"@type":"WebPage","@id":"https:\/\/mediatica.fm\/index.php\/2023\/12\/05\/tom-petty-en-el-trailer-del-videojuego-gta-vi\/","url":"https:\/\/mediatica.fm\/index.php\/2023\/12\/05\/tom-petty-en-el-trailer-del-videojuego-gta-vi\/","name":"Tom Petty en el trailer del videojuego GTA VI - Medi\u00e1tica FM","isPartOf":{"@id":"https:\/\/mediatica.fm\/#website"},"primaryImageOfPage":{"@id":"https:\/\/mediatica.fm\/index.php\/2023\/12\/05\/tom-petty-en-el-trailer-del-videojuego-gta-vi\/#primaryimage"},"image":{"@id":"https:\/\/mediatica.fm\/index.php\/2023\/12\/05\/tom-petty-en-el-trailer-del-videojuego-gta-vi\/#primaryimage"},"thumbnailUrl":"https:\/\/mediatica.fm\/wp-content\/uploads\/2023\/12\/vice-gta6.jpg","datePublished":"2023-12-05T18:04:42+00:00","dateModified":"2024-03-06T23:04:18+00:00","description":"Tom Petty aparece en el primer trailer del videojuego Grand Theft Auto VI","breadcrumb":{"@id":"https:\/\/mediatica.fm\/index.php\/2023\/12\/05\/tom-petty-en-el-trailer-del-videojuego-gta-vi\/#breadcrumb"},"inLanguage":"es","potentialAction":[{"@type":"ReadAction","target":["https:\/\/mediatica.fm\/index.php\/2023\/12\/05\/tom-petty-en-el-trailer-del-videojuego-gta-vi\/"]}]},{"@type":"ImageObject","inLanguage":"es","@id":"https:\/\/mediatica.fm\/index.php\/2023\/12\/05\/tom-petty-en-el-trailer-del-videojuego-gta-vi\/#primaryimage","url":"https:\/\/mediatica.fm\/wp-content\/uploads\/2023\/12\/vice-gta6.jpg","contentUrl":"https:\/\/mediatica.fm\/wp-content\/uploads\/2023\/12\/vice-gta6.jpg","width":1197,"height":553},{"@type":"BreadcrumbList","@id":"https:\/\/mediatica.fm\/index.php\/2023\/12\/05\/tom-petty-en-el-trailer-del-videojuego-gta-vi\/#breadcrumb","itemListElement":[{"@type":"ListItem","position":1,"name":"Portada","item":"https:\/\/mediatica.fm\/"},{"@type":"ListItem","position":2,"name":"Tom Petty en el trailer del videojuego GTA VI"}]},{"@type":"WebSite","@id":"https:\/\/mediatica.fm\/#website","url":"https:\/\/mediatica.fm\/","name":"Medi\u00e1tica FM","description":"Radio alternativa, menos discurso, m\u00e1s acci\u00f3n","publisher":{"@id":"https:\/\/mediatica.fm\/#organization"},"potentialAction":[{"@type":"SearchAction","target":{"@type":"EntryPoint","urlTemplate":"https:\/\/mediatica.fm\/?s={search_term_string}"},"query-input":{"@type":"PropertyValueSpecification","valueRequired":true,"valueName":"search_term_string"}}],"inLanguage":"es"},{"@type":"Organization","@id":"https:\/\/mediatica.fm\/#organization","name":"Medi\u00e1tica FM","url":"https:\/\/mediatica.fm\/","logo":{"@type":"ImageObject","inLanguage":"es","@id":"https:\/\/mediatica.fm\/#\/schema\/logo\/image\/","url":"https:\/\/mediatica.fm\/wp-content\/uploads\/2023\/11\/logo-solo-blanco.fw_.png","contentUrl":"https:\/\/mediatica.fm\/wp-content\/uploads\/2023\/11\/logo-solo-blanco.fw_.png","width":928,"height":724,"caption":"Medi\u00e1tica FM"},"image":{"@id":"https:\/\/mediatica.fm\/#\/schema\/logo\/image\/"},"sameAs":["https:\/\/www.facebook.com\/Mediaticafm","https:\/\/x.com\/mediaticafm","https:\/\/www.instagram.com\/mediatica.fm\/","https:\/\/www.youtube.com\/@MediaticaFm","https:\/\/www.tiktok.com\/@mediaticafm"]},{"@type":"Person","@id":"https:\/\/mediatica.fm\/#\/schema\/person\/f18c1982149d378d0707d1e6bb1b7ff8","name":"Medi\u00e1tica FM","image":{"@type":"ImageObject","inLanguage":"es","@id":"https:\/\/secure.gravatar.com\/avatar\/f5e12d9aeb2221fbe18cc7e14955d88d0fdeb166f495d728b681f00b1df025f5?s=96&d=mm&r=g","url":"https:\/\/secure.gravatar.com\/avatar\/f5e12d9aeb2221fbe18cc7e14955d88d0fdeb166f495d728b681f00b1df025f5?s=96&d=mm&r=g","contentUrl":"https:\/\/secure.gravatar.com\/avatar\/f5e12d9aeb2221fbe18cc7e14955d88d0fdeb166f495d728b681f00b1df025f5?s=96&d=mm&r=g","caption":"Medi\u00e1tica FM"},"sameAs":["https:\/\/www.mediatica.fm\/"],"url":"https:\/\/mediatica.fm\/index.php\/author\/mediaticafm\/"}]}},"jetpack_featured_media_url":"https:\/\/mediatica.fm\/wp-content\/uploads\/2023\/12\/vice-gta6.jpg","jetpack_sharing_enabled":true,"_links":{"self":[{"href":"https:\/\/mediatica.fm\/index.php\/wp-json\/wp\/v2\/posts\/120","targetHints":{"allow":["GET"]}}],"collection":[{"href":"https:\/\/mediatica.fm\/index.php\/wp-json\/wp\/v2\/posts"}],"about":[{"href":"https:\/\/mediatica.fm\/index.php\/wp-json\/wp\/v2\/types\/post"}],"author":[{"embeddable":true,"href":"https:\/\/mediatica.fm\/index.php\/wp-json\/wp\/v2\/users\/2"}],"replies":[{"embeddable":true,"href":"https:\/\/mediatica.fm\/index.php\/wp-json\/wp\/v2\/comments?post=120"}],"version-history":[{"count":5,"href":"https:\/\/mediatica.fm\/index.php\/wp-json\/wp\/v2\/posts\/120\/revisions"}],"predecessor-version":[{"id":126,"href":"https:\/\/mediatica.fm\/index.php\/wp-json\/wp\/v2\/posts\/120\/revisions\/126"}],"wp:featuredmedia":[{"embeddable":true,"href":"https:\/\/mediatica.fm\/index.php\/wp-json\/wp\/v2\/media\/125"}],"wp:attachment":[{"href":"https:\/\/mediatica.fm\/index.php\/wp-json\/wp\/v2\/media?parent=120"}],"wp:term":[{"taxonomy":"category","embeddable":true,"href":"https:\/\/mediatica.fm\/index.php\/wp-json\/wp\/v2\/categories?post=120"},{"taxonomy":"post_tag","embeddable":true,"href":"https:\/\/mediatica.fm\/index.php\/wp-json\/wp\/v2\/tags?post=120"}],"curies":[{"name":"wp","href":"https:\/\/api.w.org\/{rel}","templated":true}]}}