{"id":110,"date":"2023-11-30T02:03:59","date_gmt":"2023-11-30T01:03:59","guid":{"rendered":"https:\/\/mediatica.fm\/?p=110"},"modified":"2024-03-06T17:04:03","modified_gmt":"2024-03-06T23:04:03","slug":"kiko-loureiro-abandona-megadeth","status":"publish","type":"post","link":"https:\/\/mediatica.fm\/index.php\/2023\/11\/30\/kiko-loureiro-abandona-megadeth\/","title":{"rendered":"Kiko Loureiro abandona Megadeth"},"content":{"rendered":"<p>El guitarrista brasile\u00f1o <strong><em>Kiko Loureiro<\/em> <\/strong>anunci\u00f3 su salida de Megadeth tras afirmar que, por motivos personales, deb\u00eda pasar m\u00e1s tiempo con su familia. Posteriormente, agreg\u00f3 que lo hizo para sentirse \u00ablibre\u00bb. Loureiro, que se uni\u00f3 a la banda en 2015, dijo que la decisi\u00f3n se debi\u00f3 a sus compromisos familiares.<\/p>\n<p>\u00abLa vida en la carretera ha sido muy dura para mi familia, y he decidido que es hora de que me centre en ellos\u00bb, dijo Loureiro en un comunicado publicado en sus redes sociales. \u00abNo quer\u00eda entorpecer los planes de la banda ni el arduo trabajo de todas las personas incre\u00edbles involucradas en la gira\u00bb.<\/p>\n<p>Loureiro fue reemplazado por el guitarrista finland\u00e9s <em><strong>Teemu M\u00e4ntysaari<\/strong><\/em>, quien hab\u00eda tocado previamente con la banda finlandesa Wintersun.<\/p>\n<p>\u00abQuiero agradecer a Kiko por su tiempo y dedicaci\u00f3n a Megadeth\u00bb, dijo el l\u00edder de la banda, Dave Mustaine. \u00abEs un gran m\u00fasico y un buen amigo, y le deseamos lo mejor en sus futuros proyectos\u00bb.<\/p>\n<p>Loureiro se uni\u00f3 a Megadeth en 2015, reemplazando a Chris Broderick. Con la banda, lanz\u00f3 dos \u00e1lbumes de estudio: &#8216;Dystopia&#8217; de 2016, y &#8216;The Sick, the Dying, and the Dead del 2022.<\/p>\n<p>Loureiro tambi\u00e9n fue el guitarrista de la banda de metal progresivo brasile\u00f1a, Angra.<\/p>\n","protected":false},"excerpt":{"rendered":"<p>El guitarrista brasile\u00f1o Kiko Loureiro anunci\u00f3 su salida de Megadeth tras afirmar que, por motivos personales, deb\u00eda pasar m\u00e1s tiempo con su familia. Posteriormente, agreg\u00f3 que lo hizo para sentirse \u00ablibre\u00bb. Loureiro, que se uni\u00f3 a la banda en 2015, dijo que la decisi\u00f3n se debi\u00f3 a sus compromisos familiares. \u00abLa vida en la carretera [&hellip;]<\/p>\n","protected":false},"author":2,"featured_media":113,"comment_status":"closed","ping_status":"open","sticky":false,"template":"","format":"standard","meta":{"_jetpack_memberships_contains_paid_content":false,"footnotes":""},"categories":[4],"tags":[9,10,11],"class_list":["post-110","post","type-post","status-publish","format-standard","has-post-thumbnail","hentry","category-news","tag-kiko-loureiro","tag-megadeth","tag-teemu-mantysaari"],"yoast_head":"<!-- This site is optimized with the Yoast SEO plugin v27.4 - https:\/\/yoast.com\/product\/yoast-seo-wordpress\/ -->\n<title>Kiko Loureiro abandona Megadeth - Medi\u00e1tica FM<\/title>\n<meta name=\"description\" content=\"Kiko Loureiro anunci\u00f3 su salida de Megadeth para sentirse en libertad y pasar m\u00e1s tiempo con su familia.\" \/>\n<meta name=\"robots\" content=\"index, follow, max-snippet:-1, max-image-preview:large, max-video-preview:-1\" \/>\n<link rel=\"canonical\" href=\"https:\/\/mediatica.fm\/index.php\/2023\/11\/30\/kiko-loureiro-abandona-megadeth\/\" \/>\n<meta property=\"og:locale\" content=\"es_ES\" \/>\n<meta property=\"og:type\" content=\"article\" \/>\n<meta property=\"og:title\" content=\"Kiko Loureiro abandona Megadeth - Medi\u00e1tica FM\" \/>\n<meta property=\"og:description\" content=\"Kiko Loureiro anunci\u00f3 su salida de Megadeth para sentirse en libertad y pasar m\u00e1s tiempo con su familia.\" \/>\n<meta property=\"og:url\" content=\"https:\/\/mediatica.fm\/index.php\/2023\/11\/30\/kiko-loureiro-abandona-megadeth\/\" \/>\n<meta property=\"og:site_name\" content=\"Medi\u00e1tica FM\" \/>\n<meta property=\"article:publisher\" content=\"https:\/\/www.facebook.com\/Mediaticafm\" \/>\n<meta property=\"article:published_time\" content=\"2023-11-30T01:03:59+00:00\" \/>\n<meta property=\"article:modified_time\" content=\"2024-03-06T23:04:03+00:00\" \/>\n<meta property=\"og:image\" content=\"https:\/\/mediatica.fm\/wp-content\/uploads\/2023\/11\/kiko-loureiro-2b.jpg\" \/>\n\t<meta property=\"og:image:width\" content=\"765\" \/>\n\t<meta property=\"og:image:height\" content=\"470\" \/>\n\t<meta property=\"og:image:type\" content=\"image\/jpeg\" \/>\n<meta name=\"author\" content=\"Medi\u00e1tica FM\" \/>\n<meta name=\"twitter:card\" content=\"summary_large_image\" \/>\n<meta name=\"twitter:creator\" content=\"@mediaticafm\" \/>\n<meta name=\"twitter:site\" content=\"@mediaticafm\" \/>\n<meta name=\"twitter:label1\" content=\"Escrito por\" \/>\n\t<meta name=\"twitter:data1\" content=\"Medi\u00e1tica FM\" \/>\n\t<meta name=\"twitter:label2\" content=\"Tiempo de lectura\" \/>\n\t<meta name=\"twitter:data2\" content=\"1 minuto\" \/>\n<script type=\"application\/ld+json\" class=\"yoast-schema-graph\">{\"@context\":\"https:\\\/\\\/schema.org\",\"@graph\":[{\"@type\":\"Article\",\"@id\":\"https:\\\/\\\/mediatica.fm\\\/index.php\\\/2023\\\/11\\\/30\\\/kiko-loureiro-abandona-megadeth\\\/#article\",\"isPartOf\":{\"@id\":\"https:\\\/\\\/mediatica.fm\\\/index.php\\\/2023\\\/11\\\/30\\\/kiko-loureiro-abandona-megadeth\\\/\"},\"author\":{\"name\":\"Medi\u00e1tica FM\",\"@id\":\"https:\\\/\\\/mediatica.fm\\\/#\\\/schema\\\/person\\\/f18c1982149d378d0707d1e6bb1b7ff8\"},\"headline\":\"Kiko Loureiro abandona Megadeth\",\"datePublished\":\"2023-11-30T01:03:59+00:00\",\"dateModified\":\"2024-03-06T23:04:03+00:00\",\"mainEntityOfPage\":{\"@id\":\"https:\\\/\\\/mediatica.fm\\\/index.php\\\/2023\\\/11\\\/30\\\/kiko-loureiro-abandona-megadeth\\\/\"},\"wordCount\":218,\"publisher\":{\"@id\":\"https:\\\/\\\/mediatica.fm\\\/#organization\"},\"image\":{\"@id\":\"https:\\\/\\\/mediatica.fm\\\/index.php\\\/2023\\\/11\\\/30\\\/kiko-loureiro-abandona-megadeth\\\/#primaryimage\"},\"thumbnailUrl\":\"https:\\\/\\\/mediatica.fm\\\/wp-content\\\/uploads\\\/2023\\\/11\\\/kiko-loureiro-2b.jpg\",\"keywords\":[\"Kiko Loureiro\",\"megadeth\",\"teemu M\u00e4ntysaari\"],\"articleSection\":[\"Noticias\"],\"inLanguage\":\"es\"},{\"@type\":\"WebPage\",\"@id\":\"https:\\\/\\\/mediatica.fm\\\/index.php\\\/2023\\\/11\\\/30\\\/kiko-loureiro-abandona-megadeth\\\/\",\"url\":\"https:\\\/\\\/mediatica.fm\\\/index.php\\\/2023\\\/11\\\/30\\\/kiko-loureiro-abandona-megadeth\\\/\",\"name\":\"Kiko Loureiro abandona Megadeth - Medi\u00e1tica FM\",\"isPartOf\":{\"@id\":\"https:\\\/\\\/mediatica.fm\\\/#website\"},\"primaryImageOfPage\":{\"@id\":\"https:\\\/\\\/mediatica.fm\\\/index.php\\\/2023\\\/11\\\/30\\\/kiko-loureiro-abandona-megadeth\\\/#primaryimage\"},\"image\":{\"@id\":\"https:\\\/\\\/mediatica.fm\\\/index.php\\\/2023\\\/11\\\/30\\\/kiko-loureiro-abandona-megadeth\\\/#primaryimage\"},\"thumbnailUrl\":\"https:\\\/\\\/mediatica.fm\\\/wp-content\\\/uploads\\\/2023\\\/11\\\/kiko-loureiro-2b.jpg\",\"datePublished\":\"2023-11-30T01:03:59+00:00\",\"dateModified\":\"2024-03-06T23:04:03+00:00\",\"description\":\"Kiko Loureiro anunci\u00f3 su salida de Megadeth para sentirse en libertad y pasar m\u00e1s tiempo con su familia.\",\"breadcrumb\":{\"@id\":\"https:\\\/\\\/mediatica.fm\\\/index.php\\\/2023\\\/11\\\/30\\\/kiko-loureiro-abandona-megadeth\\\/#breadcrumb\"},\"inLanguage\":\"es\",\"potentialAction\":[{\"@type\":\"ReadAction\",\"target\":[\"https:\\\/\\\/mediatica.fm\\\/index.php\\\/2023\\\/11\\\/30\\\/kiko-loureiro-abandona-megadeth\\\/\"]}]},{\"@type\":\"ImageObject\",\"inLanguage\":\"es\",\"@id\":\"https:\\\/\\\/mediatica.fm\\\/index.php\\\/2023\\\/11\\\/30\\\/kiko-loureiro-abandona-megadeth\\\/#primaryimage\",\"url\":\"https:\\\/\\\/mediatica.fm\\\/wp-content\\\/uploads\\\/2023\\\/11\\\/kiko-loureiro-2b.jpg\",\"contentUrl\":\"https:\\\/\\\/mediatica.fm\\\/wp-content\\\/uploads\\\/2023\\\/11\\\/kiko-loureiro-2b.jpg\",\"width\":765,\"height\":470},{\"@type\":\"BreadcrumbList\",\"@id\":\"https:\\\/\\\/mediatica.fm\\\/index.php\\\/2023\\\/11\\\/30\\\/kiko-loureiro-abandona-megadeth\\\/#breadcrumb\",\"itemListElement\":[{\"@type\":\"ListItem\",\"position\":1,\"name\":\"Portada\",\"item\":\"https:\\\/\\\/mediatica.fm\\\/\"},{\"@type\":\"ListItem\",\"position\":2,\"name\":\"Kiko Loureiro abandona Megadeth\"}]},{\"@type\":\"WebSite\",\"@id\":\"https:\\\/\\\/mediatica.fm\\\/#website\",\"url\":\"https:\\\/\\\/mediatica.fm\\\/\",\"name\":\"Medi\u00e1tica FM\",\"description\":\"Radio alternativa, menos discurso, m\u00e1s acci\u00f3n\",\"publisher\":{\"@id\":\"https:\\\/\\\/mediatica.fm\\\/#organization\"},\"potentialAction\":[{\"@type\":\"SearchAction\",\"target\":{\"@type\":\"EntryPoint\",\"urlTemplate\":\"https:\\\/\\\/mediatica.fm\\\/?s={search_term_string}\"},\"query-input\":{\"@type\":\"PropertyValueSpecification\",\"valueRequired\":true,\"valueName\":\"search_term_string\"}}],\"inLanguage\":\"es\"},{\"@type\":\"Organization\",\"@id\":\"https:\\\/\\\/mediatica.fm\\\/#organization\",\"name\":\"Medi\u00e1tica FM\",\"url\":\"https:\\\/\\\/mediatica.fm\\\/\",\"logo\":{\"@type\":\"ImageObject\",\"inLanguage\":\"es\",\"@id\":\"https:\\\/\\\/mediatica.fm\\\/#\\\/schema\\\/logo\\\/image\\\/\",\"url\":\"https:\\\/\\\/mediatica.fm\\\/wp-content\\\/uploads\\\/2023\\\/11\\\/logo-solo-blanco.fw_.png\",\"contentUrl\":\"https:\\\/\\\/mediatica.fm\\\/wp-content\\\/uploads\\\/2023\\\/11\\\/logo-solo-blanco.fw_.png\",\"width\":928,\"height\":724,\"caption\":\"Medi\u00e1tica FM\"},\"image\":{\"@id\":\"https:\\\/\\\/mediatica.fm\\\/#\\\/schema\\\/logo\\\/image\\\/\"},\"sameAs\":[\"https:\\\/\\\/www.facebook.com\\\/Mediaticafm\",\"https:\\\/\\\/x.com\\\/mediaticafm\",\"https:\\\/\\\/www.instagram.com\\\/mediatica.fm\\\/\",\"https:\\\/\\\/www.youtube.com\\\/@MediaticaFm\",\"https:\\\/\\\/www.tiktok.com\\\/@mediaticafm\"]},{\"@type\":\"Person\",\"@id\":\"https:\\\/\\\/mediatica.fm\\\/#\\\/schema\\\/person\\\/f18c1982149d378d0707d1e6bb1b7ff8\",\"name\":\"Medi\u00e1tica FM\",\"image\":{\"@type\":\"ImageObject\",\"inLanguage\":\"es\",\"@id\":\"https:\\\/\\\/secure.gravatar.com\\\/avatar\\\/f5e12d9aeb2221fbe18cc7e14955d88d0fdeb166f495d728b681f00b1df025f5?s=96&d=mm&r=g\",\"url\":\"https:\\\/\\\/secure.gravatar.com\\\/avatar\\\/f5e12d9aeb2221fbe18cc7e14955d88d0fdeb166f495d728b681f00b1df025f5?s=96&d=mm&r=g\",\"contentUrl\":\"https:\\\/\\\/secure.gravatar.com\\\/avatar\\\/f5e12d9aeb2221fbe18cc7e14955d88d0fdeb166f495d728b681f00b1df025f5?s=96&d=mm&r=g\",\"caption\":\"Medi\u00e1tica FM\"},\"sameAs\":[\"https:\\\/\\\/www.mediatica.fm\\\/\"],\"url\":\"https:\\\/\\\/mediatica.fm\\\/index.php\\\/author\\\/mediaticafm\\\/\"}]}<\/script>\n<!-- \/ Yoast SEO plugin. -->","yoast_head_json":{"title":"Kiko Loureiro abandona Megadeth - Medi\u00e1tica FM","description":"Kiko Loureiro anunci\u00f3 su salida de Megadeth para sentirse en libertad y pasar m\u00e1s tiempo con su familia.","robots":{"index":"index","follow":"follow","max-snippet":"max-snippet:-1","max-image-preview":"max-image-preview:large","max-video-preview":"max-video-preview:-1"},"canonical":"https:\/\/mediatica.fm\/index.php\/2023\/11\/30\/kiko-loureiro-abandona-megadeth\/","og_locale":"es_ES","og_type":"article","og_title":"Kiko Loureiro abandona Megadeth - Medi\u00e1tica FM","og_description":"Kiko Loureiro anunci\u00f3 su salida de Megadeth para sentirse en libertad y pasar m\u00e1s tiempo con su familia.","og_url":"https:\/\/mediatica.fm\/index.php\/2023\/11\/30\/kiko-loureiro-abandona-megadeth\/","og_site_name":"Medi\u00e1tica FM","article_publisher":"https:\/\/www.facebook.com\/Mediaticafm","article_published_time":"2023-11-30T01:03:59+00:00","article_modified_time":"2024-03-06T23:04:03+00:00","og_image":[{"width":765,"height":470,"url":"https:\/\/mediatica.fm\/wp-content\/uploads\/2023\/11\/kiko-loureiro-2b.jpg","type":"image\/jpeg"}],"author":"Medi\u00e1tica FM","twitter_card":"summary_large_image","twitter_creator":"@mediaticafm","twitter_site":"@mediaticafm","twitter_misc":{"Escrito por":"Medi\u00e1tica FM","Tiempo de lectura":"1 minuto"},"schema":{"@context":"https:\/\/schema.org","@graph":[{"@type":"Article","@id":"https:\/\/mediatica.fm\/index.php\/2023\/11\/30\/kiko-loureiro-abandona-megadeth\/#article","isPartOf":{"@id":"https:\/\/mediatica.fm\/index.php\/2023\/11\/30\/kiko-loureiro-abandona-megadeth\/"},"author":{"name":"Medi\u00e1tica FM","@id":"https:\/\/mediatica.fm\/#\/schema\/person\/f18c1982149d378d0707d1e6bb1b7ff8"},"headline":"Kiko Loureiro abandona Megadeth","datePublished":"2023-11-30T01:03:59+00:00","dateModified":"2024-03-06T23:04:03+00:00","mainEntityOfPage":{"@id":"https:\/\/mediatica.fm\/index.php\/2023\/11\/30\/kiko-loureiro-abandona-megadeth\/"},"wordCount":218,"publisher":{"@id":"https:\/\/mediatica.fm\/#organization"},"image":{"@id":"https:\/\/mediatica.fm\/index.php\/2023\/11\/30\/kiko-loureiro-abandona-megadeth\/#primaryimage"},"thumbnailUrl":"https:\/\/mediatica.fm\/wp-content\/uploads\/2023\/11\/kiko-loureiro-2b.jpg","keywords":["Kiko Loureiro","megadeth","teemu M\u00e4ntysaari"],"articleSection":["Noticias"],"inLanguage":"es"},{"@type":"WebPage","@id":"https:\/\/mediatica.fm\/index.php\/2023\/11\/30\/kiko-loureiro-abandona-megadeth\/","url":"https:\/\/mediatica.fm\/index.php\/2023\/11\/30\/kiko-loureiro-abandona-megadeth\/","name":"Kiko Loureiro abandona Megadeth - Medi\u00e1tica FM","isPartOf":{"@id":"https:\/\/mediatica.fm\/#website"},"primaryImageOfPage":{"@id":"https:\/\/mediatica.fm\/index.php\/2023\/11\/30\/kiko-loureiro-abandona-megadeth\/#primaryimage"},"image":{"@id":"https:\/\/mediatica.fm\/index.php\/2023\/11\/30\/kiko-loureiro-abandona-megadeth\/#primaryimage"},"thumbnailUrl":"https:\/\/mediatica.fm\/wp-content\/uploads\/2023\/11\/kiko-loureiro-2b.jpg","datePublished":"2023-11-30T01:03:59+00:00","dateModified":"2024-03-06T23:04:03+00:00","description":"Kiko Loureiro anunci\u00f3 su salida de Megadeth para sentirse en libertad y pasar m\u00e1s tiempo con su familia.","breadcrumb":{"@id":"https:\/\/mediatica.fm\/index.php\/2023\/11\/30\/kiko-loureiro-abandona-megadeth\/#breadcrumb"},"inLanguage":"es","potentialAction":[{"@type":"ReadAction","target":["https:\/\/mediatica.fm\/index.php\/2023\/11\/30\/kiko-loureiro-abandona-megadeth\/"]}]},{"@type":"ImageObject","inLanguage":"es","@id":"https:\/\/mediatica.fm\/index.php\/2023\/11\/30\/kiko-loureiro-abandona-megadeth\/#primaryimage","url":"https:\/\/mediatica.fm\/wp-content\/uploads\/2023\/11\/kiko-loureiro-2b.jpg","contentUrl":"https:\/\/mediatica.fm\/wp-content\/uploads\/2023\/11\/kiko-loureiro-2b.jpg","width":765,"height":470},{"@type":"BreadcrumbList","@id":"https:\/\/mediatica.fm\/index.php\/2023\/11\/30\/kiko-loureiro-abandona-megadeth\/#breadcrumb","itemListElement":[{"@type":"ListItem","position":1,"name":"Portada","item":"https:\/\/mediatica.fm\/"},{"@type":"ListItem","position":2,"name":"Kiko Loureiro abandona Megadeth"}]},{"@type":"WebSite","@id":"https:\/\/mediatica.fm\/#website","url":"https:\/\/mediatica.fm\/","name":"Medi\u00e1tica FM","description":"Radio alternativa, menos discurso, m\u00e1s acci\u00f3n","publisher":{"@id":"https:\/\/mediatica.fm\/#organization"},"potentialAction":[{"@type":"SearchAction","target":{"@type":"EntryPoint","urlTemplate":"https:\/\/mediatica.fm\/?s={search_term_string}"},"query-input":{"@type":"PropertyValueSpecification","valueRequired":true,"valueName":"search_term_string"}}],"inLanguage":"es"},{"@type":"Organization","@id":"https:\/\/mediatica.fm\/#organization","name":"Medi\u00e1tica FM","url":"https:\/\/mediatica.fm\/","logo":{"@type":"ImageObject","inLanguage":"es","@id":"https:\/\/mediatica.fm\/#\/schema\/logo\/image\/","url":"https:\/\/mediatica.fm\/wp-content\/uploads\/2023\/11\/logo-solo-blanco.fw_.png","contentUrl":"https:\/\/mediatica.fm\/wp-content\/uploads\/2023\/11\/logo-solo-blanco.fw_.png","width":928,"height":724,"caption":"Medi\u00e1tica FM"},"image":{"@id":"https:\/\/mediatica.fm\/#\/schema\/logo\/image\/"},"sameAs":["https:\/\/www.facebook.com\/Mediaticafm","https:\/\/x.com\/mediaticafm","https:\/\/www.instagram.com\/mediatica.fm\/","https:\/\/www.youtube.com\/@MediaticaFm","https:\/\/www.tiktok.com\/@mediaticafm"]},{"@type":"Person","@id":"https:\/\/mediatica.fm\/#\/schema\/person\/f18c1982149d378d0707d1e6bb1b7ff8","name":"Medi\u00e1tica FM","image":{"@type":"ImageObject","inLanguage":"es","@id":"https:\/\/secure.gravatar.com\/avatar\/f5e12d9aeb2221fbe18cc7e14955d88d0fdeb166f495d728b681f00b1df025f5?s=96&d=mm&r=g","url":"https:\/\/secure.gravatar.com\/avatar\/f5e12d9aeb2221fbe18cc7e14955d88d0fdeb166f495d728b681f00b1df025f5?s=96&d=mm&r=g","contentUrl":"https:\/\/secure.gravatar.com\/avatar\/f5e12d9aeb2221fbe18cc7e14955d88d0fdeb166f495d728b681f00b1df025f5?s=96&d=mm&r=g","caption":"Medi\u00e1tica FM"},"sameAs":["https:\/\/www.mediatica.fm\/"],"url":"https:\/\/mediatica.fm\/index.php\/author\/mediaticafm\/"}]}},"jetpack_featured_media_url":"https:\/\/mediatica.fm\/wp-content\/uploads\/2023\/11\/kiko-loureiro-2b.jpg","jetpack_sharing_enabled":true,"_links":{"self":[{"href":"https:\/\/mediatica.fm\/index.php\/wp-json\/wp\/v2\/posts\/110","targetHints":{"allow":["GET"]}}],"collection":[{"href":"https:\/\/mediatica.fm\/index.php\/wp-json\/wp\/v2\/posts"}],"about":[{"href":"https:\/\/mediatica.fm\/index.php\/wp-json\/wp\/v2\/types\/post"}],"author":[{"embeddable":true,"href":"https:\/\/mediatica.fm\/index.php\/wp-json\/wp\/v2\/users\/2"}],"replies":[{"embeddable":true,"href":"https:\/\/mediatica.fm\/index.php\/wp-json\/wp\/v2\/comments?post=110"}],"version-history":[{"count":2,"href":"https:\/\/mediatica.fm\/index.php\/wp-json\/wp\/v2\/posts\/110\/revisions"}],"predecessor-version":[{"id":145,"href":"https:\/\/mediatica.fm\/index.php\/wp-json\/wp\/v2\/posts\/110\/revisions\/145"}],"wp:featuredmedia":[{"embeddable":true,"href":"https:\/\/mediatica.fm\/index.php\/wp-json\/wp\/v2\/media\/113"}],"wp:attachment":[{"href":"https:\/\/mediatica.fm\/index.php\/wp-json\/wp\/v2\/media?parent=110"}],"wp:term":[{"taxonomy":"category","embeddable":true,"href":"https:\/\/mediatica.fm\/index.php\/wp-json\/wp\/v2\/categories?post=110"},{"taxonomy":"post_tag","embeddable":true,"href":"https:\/\/mediatica.fm\/index.php\/wp-json\/wp\/v2\/tags?post=110"}],"curies":[{"name":"wp","href":"https:\/\/api.w.org\/{rel}","templated":true}]}}